{"id":2394,"date":"2026-03-26T15:33:15","date_gmt":"2026-03-26T20:33:15","guid":{"rendered":"https:\/\/jbpritzker.com\/latest\/lo-mismo-de-siempre-darren-bailey-dice-que-sus-valores-extremistas-no-han-cambiado\/"},"modified":"2026-04-01T14:17:37","modified_gmt":"2026-04-01T19:17:37","slug":"lo-mismo-de-siempre-darren-bailey-dice-que-sus-valores-extremistas-no-han-cambiado","status":"publish","type":"post","link":"https:\/\/jbpritzker.com\/es\/latest\/lo-mismo-de-siempre-darren-bailey-dice-que-sus-valores-extremistas-no-han-cambiado\/","title":{"rendered":"Lo Mismo De Siempre \u2013 Darren Bailey Dice Que Sus Valores Extremistas No Han Cambiado"},"content":{"rendered":"\n<p class=\"has-text-align-center\"><em>Bailey Sigue Siendo el Mismo Candidato MAGA Extremo de Siempre, No Apto para Servir a Illinois<\/em><\/p>\n\n<p><strong>CHICAGO, IL<\/strong> \u2013 Despu\u00e9s de intentar presentarse ante los votantes como \u201cuna persona diferente\u201d, Darren Bailey admiti\u00f3 esta semana que sus valores no han cambiado desde su fallida campa\u00f1a para gobernador en 2022.<\/p>\n\n<p><p data-start=\"391\" data-end=\"670\">\u201cAl servir como representante estatal y senador, y habiendo crecido en el sureste de Illinois, ya sabes, tenemos un conjunto de valores al que nos aferramos\u201d, dijo Darren Bailey en <a href=\"https:\/\/youtu.be\/ZOG8kpa6Qkg?si=03d2WVRhk2aXv8Cj&amp;t=595\"><em data-start=\"572\" data-end=\"593\">The Annie Frey Show<\/em><\/a>, un programa conservador de radio. <strong>\u201cEsos valores no cambian dentro de m\u00ed.\u201d<\/strong><\/p><\/p>\n\n<p><p data-start=\"672\" data-end=\"985\">Esos \u201cvalores\u201d son exactamente la raz\u00f3n por la que los votantes de Illinois rechazaron a Bailey en 2022. Darren Bailey ha dicho que se opone al derecho al aborto, incluso en casos de <a href=\"https:\/\/illinoisrighttolifeaction.org\/wp-content\/uploads\/2026\/02\/Prim26-3.pdf\">violaci\u00f3n o incesto<\/a>. Incluso tuvo la audacia de comparar a las mujeres que ejercen sus derechos reproductivos con el <a href=\"https:\/\/www.cbsnews.com\/chicago\/news\/gop-candidate-for-governor-darren-bailey-denounced-for-saying-holocaust-doesnt-even-compare-to-abortion-deaths\/\">Holocausto<\/a>.<\/p><\/p>\n\n<p><p data-start=\"987\" data-end=\"1223\">Como legislador, Bailey se opuso a la lucha del gobernador Pritzker para aumentar el salario m\u00ednimo de Illinois a $15 por hora. Afortunadamente, sus esfuerzos fracasaron, y <a href=\"https:\/\/illinoisupdate.com\/wp-content\/uploads\/2019\/02\/pmcr-ilepi-the-regional-impacts-of-a-15-minimum-wage-in-illinois-final.pdf\">1.4 millones<\/a> de habitantes de Illinois recibieron un aumento.<\/p><\/p>\n\n<p><p data-start=\"1225\" data-end=\"1476\">Darren Bailey presumi\u00f3 del respaldo de Trump en 2022 y ha seguido adoptando los aspectos m\u00e1s hirientes de la agenda de Trump, desde <a href=\"https:\/\/www.youtube.com\/live\/VMxmnW_XXL8?si=-1_vg7ipwoeubu1n&amp;t=1590\">aranceles ilegales<\/a> hasta <a href=\"https:\/\/x.com\/DarrenBaileyIL\/status\/1961608600175927530\">despliegues<\/a> ilegales de la Guardia Nacional. Este es el verdadero Darren Bailey.<\/p><\/p>\n\n<p class=\"has-text-align-center\"><p data-start=\"1478\" data-end=\"1574\"><strong>El director de comunicaciones de JB for Governor, Alex Gough, emiti\u00f3 la siguiente declaraci\u00f3n:<\/strong><\/p><\/p>\n\n<p>\u201cDarren Bailey lo dijo \u00e9l mismo: es la misma persona que los votantes de Illinois rechazaron en 2022. Esa persona es un seguidor incondicional del MAGA cuyos valores extremos est\u00e1n totalmente fuera de sinton\u00eda con la gente de Illinois.\u201d<\/p>\n\n<p>Bailey es un leal ciego a Trump que dio paso mientras el presidente hund\u00eda nuestra econom\u00eda, poniendo a\u00fan m\u00e1s en riesgo a las familias trabajadoras de Illinois. Los valores extremos y peligrosos de Bailey no tienen lugar cerca de la Mansi\u00f3n del Gobernador.<\/p>\n\n<p class=\"has-text-align-center\">###\u00a0<\/p>\n\n<p><strong>CONTACTO:<\/strong>\u00a0<a href=\"mailto:press@jbpritzkercampaign.com\" target=\"_blank\" rel=\"noreferrer noopener\">press@jbpritzkercampaign.com<\/a><\/p>\n\n<p><\/p>\n","protected":false},"excerpt":{"rendered":"<p>Bailey Sigue Siendo el Mismo Candidato MAGA Extremo de Siempre, No Apto para Servir a Illinois<\/p>\n","protected":false},"author":7,"featured_media":2294,"comment_status":"closed","ping_status":"closed","sticky":false,"template":"","format":"standard","meta":{"_acf_changed":false,"footnotes":""},"categories":[15],"tags":[],"class_list":["post-2394","post","type-post","status-publish","format-standard","has-post-thumbnail","hentry","category-sin-categoria"],"acf":[],"yoast_head":"<!-- This site is optimized with the Yoast SEO plugin v26.5 - https:\/\/yoast.com\/wordpress\/plugins\/seo\/ -->\n<title>Lo Mismo De Siempre \u2013 Darren Bailey Dice Que Sus Valores Extremistas No Han Cambiado - JB for Governor<\/title>\n<meta name=\"robots\" content=\"noindex, follow\" \/>\n<meta property=\"og:locale\" content=\"es_ES\" \/>\n<meta property=\"og:type\" content=\"article\" \/>\n<meta property=\"og:title\" content=\"Lo Mismo De Siempre \u2013 Darren Bailey Dice Que Sus Valores Extremistas No Han Cambiado - JB for Governor\" \/>\n<meta property=\"og:description\" content=\"Bailey Sigue Siendo el Mismo Candidato MAGA Extremo de Siempre, No Apto para Servir a Illinois\" \/>\n<meta property=\"og:url\" content=\"https:\/\/jbpritzker.com\/es\/latest\/lo-mismo-de-siempre-darren-bailey-dice-que-sus-valores-extremistas-no-han-cambiado\/\" \/>\n<meta property=\"og:site_name\" content=\"JB for Governor\" \/>\n<meta property=\"article:publisher\" content=\"https:\/\/www.facebook.com\/jbpritzker\" \/>\n<meta property=\"article:published_time\" content=\"2026-03-26T20:33:15+00:00\" \/>\n<meta property=\"article:modified_time\" content=\"2026-04-01T19:17:37+00:00\" \/>\n<meta property=\"og:image\" content=\"https:\/\/jbpritzker.com\/wp-content\/uploads\/2025\/11\/jb-christian-pr-post.png\" \/>\n\t<meta property=\"og:image:width\" content=\"1800\" \/>\n\t<meta property=\"og:image:height\" content=\"1200\" \/>\n\t<meta property=\"og:image:type\" content=\"image\/png\" \/>\n<meta name=\"author\" content=\"Mikayla Denault\" \/>\n<meta name=\"twitter:card\" content=\"summary_large_image\" \/>\n<meta name=\"twitter:creator\" content=\"@jbpritzker\" \/>\n<meta name=\"twitter:site\" content=\"@jbpritzker\" \/>\n<script type=\"application\/ld+json\" class=\"yoast-schema-graph\">{\"@context\":\"https:\/\/schema.org\",\"@graph\":[{\"@type\":\"Article\",\"@id\":\"https:\/\/jbpritzker.com\/es\/latest\/lo-mismo-de-siempre-darren-bailey-dice-que-sus-valores-extremistas-no-han-cambiado\/#article\",\"isPartOf\":{\"@id\":\"https:\/\/jbpritzker.com\/es\/latest\/lo-mismo-de-siempre-darren-bailey-dice-que-sus-valores-extremistas-no-han-cambiado\/\"},\"author\":{\"name\":\"Mikayla Denault\",\"@id\":\"https:\/\/jbpritzker.com\/es\/#\/schema\/person\/c52c7eb6ef19554cede2edf920157580\"},\"headline\":\"Lo Mismo De Siempre \u2013 Darren Bailey Dice Que Sus Valores Extremistas No Han Cambiado\",\"datePublished\":\"2026-03-26T20:33:15+00:00\",\"dateModified\":\"2026-04-01T19:17:37+00:00\",\"mainEntityOfPage\":{\"@id\":\"https:\/\/jbpritzker.com\/es\/latest\/lo-mismo-de-siempre-darren-bailey-dice-que-sus-valores-extremistas-no-han-cambiado\/\"},\"wordCount\":343,\"publisher\":{\"@id\":\"https:\/\/jbpritzker.com\/es\/#organization\"},\"image\":{\"@id\":\"https:\/\/jbpritzker.com\/es\/latest\/lo-mismo-de-siempre-darren-bailey-dice-que-sus-valores-extremistas-no-han-cambiado\/#primaryimage\"},\"thumbnailUrl\":\"https:\/\/jbpritzker.com\/wp-content\/uploads\/2025\/11\/jb-christian-pr-post.png\",\"inLanguage\":\"es\"},{\"@type\":\"WebPage\",\"@id\":\"https:\/\/jbpritzker.com\/es\/latest\/lo-mismo-de-siempre-darren-bailey-dice-que-sus-valores-extremistas-no-han-cambiado\/\",\"url\":\"https:\/\/jbpritzker.com\/es\/latest\/lo-mismo-de-siempre-darren-bailey-dice-que-sus-valores-extremistas-no-han-cambiado\/\",\"name\":\"Lo Mismo De Siempre \u2013 Darren Bailey Dice Que Sus Valores Extremistas No Han Cambiado - JB for Governor\",\"isPartOf\":{\"@id\":\"https:\/\/jbpritzker.com\/es\/#website\"},\"primaryImageOfPage\":{\"@id\":\"https:\/\/jbpritzker.com\/es\/latest\/lo-mismo-de-siempre-darren-bailey-dice-que-sus-valores-extremistas-no-han-cambiado\/#primaryimage\"},\"image\":{\"@id\":\"https:\/\/jbpritzker.com\/es\/latest\/lo-mismo-de-siempre-darren-bailey-dice-que-sus-valores-extremistas-no-han-cambiado\/#primaryimage\"},\"thumbnailUrl\":\"https:\/\/jbpritzker.com\/wp-content\/uploads\/2025\/11\/jb-christian-pr-post.png\",\"datePublished\":\"2026-03-26T20:33:15+00:00\",\"dateModified\":\"2026-04-01T19:17:37+00:00\",\"breadcrumb\":{\"@id\":\"https:\/\/jbpritzker.com\/es\/latest\/lo-mismo-de-siempre-darren-bailey-dice-que-sus-valores-extremistas-no-han-cambiado\/#breadcrumb\"},\"inLanguage\":\"es\",\"potentialAction\":[{\"@type\":\"ReadAction\",\"target\":[\"https:\/\/jbpritzker.com\/es\/latest\/lo-mismo-de-siempre-darren-bailey-dice-que-sus-valores-extremistas-no-han-cambiado\/\"]}]},{\"@type\":\"ImageObject\",\"inLanguage\":\"es\",\"@id\":\"https:\/\/jbpritzker.com\/es\/latest\/lo-mismo-de-siempre-darren-bailey-dice-que-sus-valores-extremistas-no-han-cambiado\/#primaryimage\",\"url\":\"https:\/\/jbpritzker.com\/wp-content\/uploads\/2025\/11\/jb-christian-pr-post.png\",\"contentUrl\":\"https:\/\/jbpritzker.com\/wp-content\/uploads\/2025\/11\/jb-christian-pr-post.png\",\"width\":1800,\"height\":1200},{\"@type\":\"BreadcrumbList\",\"@id\":\"https:\/\/jbpritzker.com\/es\/latest\/lo-mismo-de-siempre-darren-bailey-dice-que-sus-valores-extremistas-no-han-cambiado\/#breadcrumb\",\"itemListElement\":[{\"@type\":\"ListItem\",\"position\":1,\"name\":\"Home\",\"item\":\"https:\/\/jbpritzker.com\/es\/\"},{\"@type\":\"ListItem\",\"position\":2,\"name\":\"Lo Mismo De Siempre \u2013 Darren Bailey Dice Que Sus Valores Extremistas No Han Cambiado\"}]},{\"@type\":\"WebSite\",\"@id\":\"https:\/\/jbpritzker.com\/es\/#website\",\"url\":\"https:\/\/jbpritzker.com\/es\/\",\"name\":\"JB for Governor\",\"description\":\"Official Campaign Website of Illinois Governor JB Pritzker\",\"publisher\":{\"@id\":\"https:\/\/jbpritzker.com\/es\/#organization\"},\"alternateName\":\"JB Pritzker for Governor\",\"potentialAction\":[{\"@type\":\"SearchAction\",\"target\":{\"@type\":\"EntryPoint\",\"urlTemplate\":\"https:\/\/jbpritzker.com\/es\/?s={search_term_string}\"},\"query-input\":{\"@type\":\"PropertyValueSpecification\",\"valueRequired\":true,\"valueName\":\"search_term_string\"}}],\"inLanguage\":\"es\"},{\"@type\":\"Organization\",\"@id\":\"https:\/\/jbpritzker.com\/es\/#organization\",\"name\":\"JB for Governor\",\"url\":\"https:\/\/jbpritzker.com\/es\/\",\"logo\":{\"@type\":\"ImageObject\",\"inLanguage\":\"es\",\"@id\":\"https:\/\/jbpritzker.com\/es\/#\/schema\/logo\/image\/\",\"url\":\"https:\/\/jbpritzker.com\/wp-content\/uploads\/2025\/06\/jbpg-google-site-logo.png\",\"contentUrl\":\"https:\/\/jbpritzker.com\/wp-content\/uploads\/2025\/06\/jbpg-google-site-logo.png\",\"width\":512,\"height\":512,\"caption\":\"JB for Governor\"},\"image\":{\"@id\":\"https:\/\/jbpritzker.com\/es\/#\/schema\/logo\/image\/\"},\"sameAs\":[\"https:\/\/www.facebook.com\/jbpritzker\",\"https:\/\/x.com\/jbpritzker\",\"https:\/\/www.instagram.com\/jbpritzker\",\"https:\/\/www.youtube.com\/@jbpritzker\",\"https:\/\/www.threads.net\/@jbpritzker\",\"https:\/\/bsky.app\/profile\/jbpritzker.bsky.social\",\"https:\/\/www.tiktok.com\/@teamjb_hq\"]},{\"@type\":\"Person\",\"@id\":\"https:\/\/jbpritzker.com\/es\/#\/schema\/person\/c52c7eb6ef19554cede2edf920157580\",\"name\":\"Mikayla Denault\",\"image\":{\"@type\":\"ImageObject\",\"inLanguage\":\"es\",\"@id\":\"https:\/\/jbpritzker.com\/es\/#\/schema\/person\/image\/\",\"url\":\"https:\/\/secure.gravatar.com\/avatar\/35804924c3dd15232b0a0344168ee68dbac4d5cac1ded1854d5dbca14e2b050b?s=96&d=mm&r=g\",\"contentUrl\":\"https:\/\/secure.gravatar.com\/avatar\/35804924c3dd15232b0a0344168ee68dbac4d5cac1ded1854d5dbca14e2b050b?s=96&d=mm&r=g\",\"caption\":\"Mikayla Denault\"}}]}<\/script>\n<!-- \/ Yoast SEO plugin. -->","yoast_head_json":{"title":"Lo Mismo De Siempre \u2013 Darren Bailey Dice Que Sus Valores Extremistas No Han Cambiado - JB for Governor","robots":{"index":"noindex","follow":"follow"},"og_locale":"es_ES","og_type":"article","og_title":"Lo Mismo De Siempre \u2013 Darren Bailey Dice Que Sus Valores Extremistas No Han Cambiado - JB for Governor","og_description":"Bailey Sigue Siendo el Mismo Candidato MAGA Extremo de Siempre, No Apto para Servir a Illinois","og_url":"https:\/\/jbpritzker.com\/es\/latest\/lo-mismo-de-siempre-darren-bailey-dice-que-sus-valores-extremistas-no-han-cambiado\/","og_site_name":"JB for Governor","article_publisher":"https:\/\/www.facebook.com\/jbpritzker","article_published_time":"2026-03-26T20:33:15+00:00","article_modified_time":"2026-04-01T19:17:37+00:00","og_image":[{"width":1800,"height":1200,"url":"https:\/\/jbpritzker.com\/wp-content\/uploads\/2025\/11\/jb-christian-pr-post.png","type":"image\/png"}],"author":"Mikayla Denault","twitter_card":"summary_large_image","twitter_creator":"@jbpritzker","twitter_site":"@jbpritzker","schema":{"@context":"https:\/\/schema.org","@graph":[{"@type":"Article","@id":"https:\/\/jbpritzker.com\/es\/latest\/lo-mismo-de-siempre-darren-bailey-dice-que-sus-valores-extremistas-no-han-cambiado\/#article","isPartOf":{"@id":"https:\/\/jbpritzker.com\/es\/latest\/lo-mismo-de-siempre-darren-bailey-dice-que-sus-valores-extremistas-no-han-cambiado\/"},"author":{"name":"Mikayla Denault","@id":"https:\/\/jbpritzker.com\/es\/#\/schema\/person\/c52c7eb6ef19554cede2edf920157580"},"headline":"Lo Mismo De Siempre \u2013 Darren Bailey Dice Que Sus Valores Extremistas No Han Cambiado","datePublished":"2026-03-26T20:33:15+00:00","dateModified":"2026-04-01T19:17:37+00:00","mainEntityOfPage":{"@id":"https:\/\/jbpritzker.com\/es\/latest\/lo-mismo-de-siempre-darren-bailey-dice-que-sus-valores-extremistas-no-han-cambiado\/"},"wordCount":343,"publisher":{"@id":"https:\/\/jbpritzker.com\/es\/#organization"},"image":{"@id":"https:\/\/jbpritzker.com\/es\/latest\/lo-mismo-de-siempre-darren-bailey-dice-que-sus-valores-extremistas-no-han-cambiado\/#primaryimage"},"thumbnailUrl":"https:\/\/jbpritzker.com\/wp-content\/uploads\/2025\/11\/jb-christian-pr-post.png","inLanguage":"es"},{"@type":"WebPage","@id":"https:\/\/jbpritzker.com\/es\/latest\/lo-mismo-de-siempre-darren-bailey-dice-que-sus-valores-extremistas-no-han-cambiado\/","url":"https:\/\/jbpritzker.com\/es\/latest\/lo-mismo-de-siempre-darren-bailey-dice-que-sus-valores-extremistas-no-han-cambiado\/","name":"Lo Mismo De Siempre \u2013 Darren Bailey Dice Que Sus Valores Extremistas No Han Cambiado - JB for Governor","isPartOf":{"@id":"https:\/\/jbpritzker.com\/es\/#website"},"primaryImageOfPage":{"@id":"https:\/\/jbpritzker.com\/es\/latest\/lo-mismo-de-siempre-darren-bailey-dice-que-sus-valores-extremistas-no-han-cambiado\/#primaryimage"},"image":{"@id":"https:\/\/jbpritzker.com\/es\/latest\/lo-mismo-de-siempre-darren-bailey-dice-que-sus-valores-extremistas-no-han-cambiado\/#primaryimage"},"thumbnailUrl":"https:\/\/jbpritzker.com\/wp-content\/uploads\/2025\/11\/jb-christian-pr-post.png","datePublished":"2026-03-26T20:33:15+00:00","dateModified":"2026-04-01T19:17:37+00:00","breadcrumb":{"@id":"https:\/\/jbpritzker.com\/es\/latest\/lo-mismo-de-siempre-darren-bailey-dice-que-sus-valores-extremistas-no-han-cambiado\/#breadcrumb"},"inLanguage":"es","potentialAction":[{"@type":"ReadAction","target":["https:\/\/jbpritzker.com\/es\/latest\/lo-mismo-de-siempre-darren-bailey-dice-que-sus-valores-extremistas-no-han-cambiado\/"]}]},{"@type":"ImageObject","inLanguage":"es","@id":"https:\/\/jbpritzker.com\/es\/latest\/lo-mismo-de-siempre-darren-bailey-dice-que-sus-valores-extremistas-no-han-cambiado\/#primaryimage","url":"https:\/\/jbpritzker.com\/wp-content\/uploads\/2025\/11\/jb-christian-pr-post.png","contentUrl":"https:\/\/jbpritzker.com\/wp-content\/uploads\/2025\/11\/jb-christian-pr-post.png","width":1800,"height":1200},{"@type":"BreadcrumbList","@id":"https:\/\/jbpritzker.com\/es\/latest\/lo-mismo-de-siempre-darren-bailey-dice-que-sus-valores-extremistas-no-han-cambiado\/#breadcrumb","itemListElement":[{"@type":"ListItem","position":1,"name":"Home","item":"https:\/\/jbpritzker.com\/es\/"},{"@type":"ListItem","position":2,"name":"Lo Mismo De Siempre \u2013 Darren Bailey Dice Que Sus Valores Extremistas No Han Cambiado"}]},{"@type":"WebSite","@id":"https:\/\/jbpritzker.com\/es\/#website","url":"https:\/\/jbpritzker.com\/es\/","name":"JB for Governor","description":"Official Campaign Website of Illinois Governor JB Pritzker","publisher":{"@id":"https:\/\/jbpritzker.com\/es\/#organization"},"alternateName":"JB Pritzker for Governor","potentialAction":[{"@type":"SearchAction","target":{"@type":"EntryPoint","urlTemplate":"https:\/\/jbpritzker.com\/es\/?s={search_term_string}"},"query-input":{"@type":"PropertyValueSpecification","valueRequired":true,"valueName":"search_term_string"}}],"inLanguage":"es"},{"@type":"Organization","@id":"https:\/\/jbpritzker.com\/es\/#organization","name":"JB for Governor","url":"https:\/\/jbpritzker.com\/es\/","logo":{"@type":"ImageObject","inLanguage":"es","@id":"https:\/\/jbpritzker.com\/es\/#\/schema\/logo\/image\/","url":"https:\/\/jbpritzker.com\/wp-content\/uploads\/2025\/06\/jbpg-google-site-logo.png","contentUrl":"https:\/\/jbpritzker.com\/wp-content\/uploads\/2025\/06\/jbpg-google-site-logo.png","width":512,"height":512,"caption":"JB for Governor"},"image":{"@id":"https:\/\/jbpritzker.com\/es\/#\/schema\/logo\/image\/"},"sameAs":["https:\/\/www.facebook.com\/jbpritzker","https:\/\/x.com\/jbpritzker","https:\/\/www.instagram.com\/jbpritzker","https:\/\/www.youtube.com\/@jbpritzker","https:\/\/www.threads.net\/@jbpritzker","https:\/\/bsky.app\/profile\/jbpritzker.bsky.social","https:\/\/www.tiktok.com\/@teamjb_hq"]},{"@type":"Person","@id":"https:\/\/jbpritzker.com\/es\/#\/schema\/person\/c52c7eb6ef19554cede2edf920157580","name":"Mikayla Denault","image":{"@type":"ImageObject","inLanguage":"es","@id":"https:\/\/jbpritzker.com\/es\/#\/schema\/person\/image\/","url":"https:\/\/secure.gravatar.com\/avatar\/35804924c3dd15232b0a0344168ee68dbac4d5cac1ded1854d5dbca14e2b050b?s=96&d=mm&r=g","contentUrl":"https:\/\/secure.gravatar.com\/avatar\/35804924c3dd15232b0a0344168ee68dbac4d5cac1ded1854d5dbca14e2b050b?s=96&d=mm&r=g","caption":"Mikayla Denault"}}]}},"_links":{"self":[{"href":"https:\/\/jbpritzker.com\/es\/wp-json\/wp\/v2\/posts\/2394","targetHints":{"allow":["GET"]}}],"collection":[{"href":"https:\/\/jbpritzker.com\/es\/wp-json\/wp\/v2\/posts"}],"about":[{"href":"https:\/\/jbpritzker.com\/es\/wp-json\/wp\/v2\/types\/post"}],"author":[{"embeddable":true,"href":"https:\/\/jbpritzker.com\/es\/wp-json\/wp\/v2\/users\/7"}],"replies":[{"embeddable":true,"href":"https:\/\/jbpritzker.com\/es\/wp-json\/wp\/v2\/comments?post=2394"}],"version-history":[{"count":0,"href":"https:\/\/jbpritzker.com\/es\/wp-json\/wp\/v2\/posts\/2394\/revisions"}],"wp:featuredmedia":[{"embeddable":true,"href":"https:\/\/jbpritzker.com\/es\/wp-json\/wp\/v2\/media\/2294"}],"wp:attachment":[{"href":"https:\/\/jbpritzker.com\/es\/wp-json\/wp\/v2\/media?parent=2394"}],"wp:term":[{"taxonomy":"category","embeddable":true,"href":"https:\/\/jbpritzker.com\/es\/wp-json\/wp\/v2\/categories?post=2394"},{"taxonomy":"post_tag","embeddable":true,"href":"https:\/\/jbpritzker.com\/es\/wp-json\/wp\/v2\/tags?post=2394"}],"curies":[{"name":"wp","href":"https:\/\/api.w.org\/{rel}","templated":true}]}}