{"id":2387,"date":"2026-03-18T06:18:34","date_gmt":"2026-03-18T11:18:34","guid":{"rendered":"https:\/\/jbpritzker.com\/latest\/el-mismo-darren-bailey-de-siempre-el-partido-republicano-de-illinois-nomina-a-un-extremista-y-candidato-fracasado-para-gobernador\/"},"modified":"2026-03-23T15:40:31","modified_gmt":"2026-03-23T20:40:31","slug":"el-mismo-darren-bailey-de-siempre-el-partido-republicano-de-illinois-nomina-a-un-extremista-y-candidato-fracasado-para-gobernador","status":"publish","type":"post","link":"https:\/\/jbpritzker.com\/es\/latest\/el-mismo-darren-bailey-de-siempre-el-partido-republicano-de-illinois-nomina-a-un-extremista-y-candidato-fracasado-para-gobernador\/","title":{"rendered":"El Mismo Darren Bailey de siempre: el Partido Republicano de Illinois Nomina a un Extremista y Candidato Fracasado para Gobernador"},"content":{"rendered":"\n<p class=\"has-text-align-center\"><em><strong>JB for Governor Lanza un Nuevo Video Titulado \u201cHe&#8217;s Back\u201d\u2013 <a href=\"https:\/\/youtu.be\/2gbkwyeQalY?si=CM-3nyxS8QyZ1-Ej\">V\u00e9alo Aqu\u00ed<\/a><\/strong><\/em><\/p>\n\n<p><p data-start=\"203\" data-end=\"586\"><strong data-start=\"203\" data-end=\"220\">CHICAGO, IL \u2013<\/strong> Ayer, el Partido Republicano de Illinois seleccion\u00f3 a Darren Bailey como su candidato a gobernador, reviviendo una candidatura que los votantes de Illinois ya rechazaron en 2022. Bailey ha sido claro en que pretende cambiar su tono para atraer a nuevos votantes, pero un an\u00e1lisis m\u00e1s cercano de su historial deja claro que sus posturas no han cambiado ni un poco.<\/p><\/p>\n\n<p><p data-start=\"588\" data-end=\"790\">Los votantes de Illinois no se lo creyeron hace cuatro a\u00f1os, y esta vez tampoco. Darren Bailey puede intentar cambiar su mensaje, pero sus ideas no han cambiado: <a href=\"https:\/\/youtu.be\/2gbkwyeQalY?si=CM-3nyxS8QyZ1-Ej\">es demasiado extremo para Illinois<\/a>.<\/p><\/p>\n\n<p><p data-start=\"792\" data-end=\"852\"><strong data-start=\"792\" data-end=\"850\">DARREN BAILEY SE OPONE AL ABORTO SIN NINGUNA EXCEPCI\u00d3N<\/strong><\/p><\/p>\n\n<ul class=\"wp-block-list\">\n<li>Bailey y su compa\u00f1ero de campa\u00f1a Aaron Del Mar recibieron las calificaciones m\u00e1s altas de <a href=\"https:\/\/illinoisrighttolifeaction.org\/wp-content\/uploads\/2026\/02\/Prim26-3.pdf\">Illinois Right to Life Action<\/a>, lo que indica que se oponen al aborto en todas las circunstancias, incluidos casos de violaci\u00f3n o incesto.<\/li>\n\n\n\n<li><p data-start=\"854\" data-end=\"1333\">Bailey <a href=\"https:\/\/www.cbsnews.com\/chicago\/news\/gop-candidate-for-governor-darren-bailey-denounced-for-saying-holocaust-doesnt-even-compare-to-abortion-deaths\/\">ha declarado<\/a> que el Holocausto \u201cni siquiera se compara\u201d con el aborto, sugiriendo que permitir que las mujeres tomen sus propias decisiones de atenci\u00f3n m\u00e9dica se compara con el exterminio sistem\u00e1tico de jud\u00edos durante el Holocausto.<\/p><\/li>\n<\/ul>\n\n<p><p data-start=\"1335\" data-end=\"1389\"><strong>DARREN BAILEY ES UN LEALISTA INCONDICIONAL DE TRUMP<\/strong><\/p><\/p>\n\n<ul class=\"wp-block-list\">\n<li>Bailey recibi\u00f3 el respaldo de Trump en 2022 y contin\u00faa promoviendo la agenda de el segundo mandato de Trump: <a href=\"https:\/\/x.com\/DarrenBaileyIL\/status\/1961608600175927530\">apoyando<\/a> el despliegue de tropas de la Guardia Nacional en Chicago, defendiendo sus aranceles y repitiendo su ret\u00f3rica contra oponentes pol\u00edticos.<\/li>\n\n\n\n<li>Bailey ha <a href=\"https:\/\/www.axios.com\/local\/chicago\/2025\/08\/25\/illinois-republicans-trump-bailey-brady-national-guard\">pedido<\/a> que el gobernador JB Pritzker y el alcalde Brandon Johnson sean \u201carrestados\u201d por oponerse al uso de la Guardia Nacional en Chicago por parte de Trump.<\/li>\n\n\n\n<li><p data-start=\"1391\" data-end=\"1926\">Bailey ha dicho que quiere replicar la iniciativa <a href=\"https:\/\/blueprintforillinois.com\/\">DOGE<\/a> de la administraci\u00f3n Trump a nivel estatal.<\/p><\/li>\n<\/ul>\n\n<p><p data-start=\"1928\" data-end=\"2016\"><strong data-start=\"1928\" data-end=\"2014\">DARREN BAILEY APOYA POL\u00cdTICAS ECON\u00d3MICAS QUE HIEREN A LAS FAMILIAS DE ILLINOIS<\/strong><\/p><\/p>\n\n<ul class=\"wp-block-list\">\n<li>Bailey <a href=\"https:\/\/www.facebook.com\/BaileyforIllinois\/posts\/976751801310721\">apoy\u00f3 con entusiasmo<\/a> los aranceles de Trump, que le han <a href=\"https:\/\/www.cbsnews.com\/chicago\/news\/pritzker-sends-bill-8-billion-refund-trump-supreme-court-tariffs-ruling\/\">costado<\/a> a la familia promedio un estimado de $1,700.<\/li>\n\n\n\n<li><div class=\"flex flex-col text-sm pb-25\"><section class=\"text-token-text-primary w-full focus:outline-none [--shadow-height:45px] has-data-writing-block:pointer-events-none has-data-writing-block:-mt-(--shadow-height) has-data-writing-block:pt-(--shadow-height) [&amp;:has([data-writing-block])&gt;*]:pointer-events-auto scroll-mt-[calc(var(--header-height)+min(200px,max(70px,20svh)))]\" dir=\"auto\" data-turn-id=\"5346ee9e-3d24-4343-8c65-9ec2624462c1\" data-testid=\"conversation-turn-6\" data-scroll-anchor=\"true\" data-turn=\"assistant\">&#13;\n<div class=\"text-base my-auto mx-auto pb-10 [--thread-content-margin:var(--thread-content-margin-xs,calc(var(--spacing)*4))] @w-sm\/main:[--thread-content-margin:var(--thread-content-margin-sm,calc(var(--spacing)*6))] @w-lg\/main:[--thread-content-margin:var(--thread-content-margin-lg,calc(var(--spacing)*16))] px-(--thread-content-margin)\">&#13;\n<div class=\"[--thread-content-max-width:40rem] @w-lg\/main:[--thread-content-max-width:48rem] mx-auto max-w-(--thread-content-max-width) flex-1 group\/turn-messages focus-visible:outline-hidden relative flex w-full min-w-0 flex-col agent-turn\">&#13;\n<div class=\"flex max-w-full flex-col gap-4 grow\">&#13;\n<div class=\"min-h-8 text-message relative flex w-full flex-col items-end gap-2 text-start break-words whitespace-normal outline-none keyboard-focused:focus-ring [.text-message+&amp;]:mt-1\" dir=\"auto\" tabindex=\"0\" data-message-author-role=\"assistant\" data-message-id=\"5346ee9e-3d24-4343-8c65-9ec2624462c1\" data-turn-start-message=\"true\" data-message-model-slug=\"gpt-5-3\">&#13;\n<div class=\"flex w-full flex-col gap-1 empty:hidden\">&#13;\n<div class=\"markdown prose dark:prose-invert w-full wrap-break-word light markdown-new-styling\">&#13;\n<p data-start=\"2018\" data-end=\"2461\">Bailey vot\u00f3 en contra del aumento del salario m\u00ednimo a $15 en Illinois, legislaci\u00f3n que otorg\u00f3 un aumento a aproximadamente <a href=\"https:\/\/illinoisupdate.com\/wp-content\/uploads\/2019\/02\/pmcr-ilepi-the-regional-impacts-of-a-15-minimum-wage-in-illinois-final.pdf\">1.4 millones<\/a> de trabajadores y casi <a href=\"https:\/\/www.nbcchicago.com\/news\/local\/a-higher-minimum-wage-now-in-effect-in-illinois-heres-how-much-it-is-in-2023\/3034336\/\">duplic\u00f3<\/a> el salario m\u00ednimo para trabajadores con propinas en el estado. Una y otra vez, Bailey se ha puesto en contra de los intereses de la gente trabajadora de Illinois.<\/p>&#13;\n&#13;\n<\/div><br\/><\/div><br\/><\/div><br\/><\/div><br\/><\/div><br\/><\/div><br\/><\/section><\/div><\/li>\n<\/ul>\n\n<p class=\"has-text-align-center\">###<\/p>\n\n<p><\/p>\n","protected":false},"excerpt":{"rendered":"<p>JB for Governor Lanza un Nuevo Video Titulado \u201cHe&#8217;s Back\u201d <\/p>\n","protected":false},"author":7,"featured_media":2294,"comment_status":"closed","ping_status":"closed","sticky":false,"template":"","format":"standard","meta":{"_acf_changed":false,"footnotes":""},"categories":[15],"tags":[],"class_list":["post-2387","post","type-post","status-publish","format-standard","has-post-thumbnail","hentry","category-sin-categoria"],"acf":[],"yoast_head":"<!-- This site is optimized with the Yoast SEO plugin v26.5 - https:\/\/yoast.com\/wordpress\/plugins\/seo\/ -->\n<title>El Mismo Darren Bailey de siempre: el Partido Republicano de Illinois Nomina a un Extremista y Candidato Fracasado para Gobernador - JB for Governor<\/title>\n<meta name=\"robots\" content=\"noindex, follow\" \/>\n<meta property=\"og:locale\" content=\"es_ES\" \/>\n<meta property=\"og:type\" content=\"article\" \/>\n<meta property=\"og:title\" content=\"El Mismo Darren Bailey de siempre: el Partido Republicano de Illinois Nomina a un Extremista y Candidato Fracasado para Gobernador - JB for Governor\" \/>\n<meta property=\"og:description\" content=\"JB for Governor Lanza un Nuevo Video Titulado \u201cHe&#039;s Back\u201d\" \/>\n<meta property=\"og:url\" content=\"https:\/\/jbpritzker.com\/es\/latest\/el-mismo-darren-bailey-de-siempre-el-partido-republicano-de-illinois-nomina-a-un-extremista-y-candidato-fracasado-para-gobernador\/\" \/>\n<meta property=\"og:site_name\" content=\"JB for Governor\" \/>\n<meta property=\"article:publisher\" content=\"https:\/\/www.facebook.com\/jbpritzker\" \/>\n<meta property=\"article:published_time\" content=\"2026-03-18T11:18:34+00:00\" \/>\n<meta property=\"article:modified_time\" content=\"2026-03-23T20:40:31+00:00\" \/>\n<meta property=\"og:image\" content=\"https:\/\/jbpritzker.com\/wp-content\/uploads\/2025\/11\/jb-christian-pr-post.png\" \/>\n\t<meta property=\"og:image:width\" content=\"1800\" \/>\n\t<meta property=\"og:image:height\" content=\"1200\" \/>\n\t<meta property=\"og:image:type\" content=\"image\/png\" \/>\n<meta name=\"author\" content=\"Mikayla Denault\" \/>\n<meta name=\"twitter:card\" content=\"summary_large_image\" \/>\n<meta name=\"twitter:creator\" content=\"@jbpritzker\" \/>\n<meta name=\"twitter:site\" content=\"@jbpritzker\" \/>\n<script type=\"application\/ld+json\" class=\"yoast-schema-graph\">{\"@context\":\"https:\/\/schema.org\",\"@graph\":[{\"@type\":\"Article\",\"@id\":\"https:\/\/jbpritzker.com\/es\/latest\/el-mismo-darren-bailey-de-siempre-el-partido-republicano-de-illinois-nomina-a-un-extremista-y-candidato-fracasado-para-gobernador\/#article\",\"isPartOf\":{\"@id\":\"https:\/\/jbpritzker.com\/es\/latest\/el-mismo-darren-bailey-de-siempre-el-partido-republicano-de-illinois-nomina-a-un-extremista-y-candidato-fracasado-para-gobernador\/\"},\"author\":{\"name\":\"Mikayla Denault\",\"@id\":\"https:\/\/jbpritzker.com\/es\/#\/schema\/person\/c52c7eb6ef19554cede2edf920157580\"},\"headline\":\"El Mismo Darren Bailey de siempre: el Partido Republicano de Illinois Nomina a un Extremista y Candidato Fracasado para Gobernador\",\"datePublished\":\"2026-03-18T11:18:34+00:00\",\"dateModified\":\"2026-03-23T20:40:31+00:00\",\"mainEntityOfPage\":{\"@id\":\"https:\/\/jbpritzker.com\/es\/latest\/el-mismo-darren-bailey-de-siempre-el-partido-republicano-de-illinois-nomina-a-un-extremista-y-candidato-fracasado-para-gobernador\/\"},\"wordCount\":411,\"publisher\":{\"@id\":\"https:\/\/jbpritzker.com\/es\/#organization\"},\"image\":{\"@id\":\"https:\/\/jbpritzker.com\/es\/latest\/el-mismo-darren-bailey-de-siempre-el-partido-republicano-de-illinois-nomina-a-un-extremista-y-candidato-fracasado-para-gobernador\/#primaryimage\"},\"thumbnailUrl\":\"https:\/\/jbpritzker.com\/wp-content\/uploads\/2025\/11\/jb-christian-pr-post.png\",\"inLanguage\":\"es\"},{\"@type\":\"WebPage\",\"@id\":\"https:\/\/jbpritzker.com\/es\/latest\/el-mismo-darren-bailey-de-siempre-el-partido-republicano-de-illinois-nomina-a-un-extremista-y-candidato-fracasado-para-gobernador\/\",\"url\":\"https:\/\/jbpritzker.com\/es\/latest\/el-mismo-darren-bailey-de-siempre-el-partido-republicano-de-illinois-nomina-a-un-extremista-y-candidato-fracasado-para-gobernador\/\",\"name\":\"El Mismo Darren Bailey de siempre: el Partido Republicano de Illinois Nomina a un Extremista y Candidato Fracasado para Gobernador - JB for Governor\",\"isPartOf\":{\"@id\":\"https:\/\/jbpritzker.com\/es\/#website\"},\"primaryImageOfPage\":{\"@id\":\"https:\/\/jbpritzker.com\/es\/latest\/el-mismo-darren-bailey-de-siempre-el-partido-republicano-de-illinois-nomina-a-un-extremista-y-candidato-fracasado-para-gobernador\/#primaryimage\"},\"image\":{\"@id\":\"https:\/\/jbpritzker.com\/es\/latest\/el-mismo-darren-bailey-de-siempre-el-partido-republicano-de-illinois-nomina-a-un-extremista-y-candidato-fracasado-para-gobernador\/#primaryimage\"},\"thumbnailUrl\":\"https:\/\/jbpritzker.com\/wp-content\/uploads\/2025\/11\/jb-christian-pr-post.png\",\"datePublished\":\"2026-03-18T11:18:34+00:00\",\"dateModified\":\"2026-03-23T20:40:31+00:00\",\"breadcrumb\":{\"@id\":\"https:\/\/jbpritzker.com\/es\/latest\/el-mismo-darren-bailey-de-siempre-el-partido-republicano-de-illinois-nomina-a-un-extremista-y-candidato-fracasado-para-gobernador\/#breadcrumb\"},\"inLanguage\":\"es\",\"potentialAction\":[{\"@type\":\"ReadAction\",\"target\":[\"https:\/\/jbpritzker.com\/es\/latest\/el-mismo-darren-bailey-de-siempre-el-partido-republicano-de-illinois-nomina-a-un-extremista-y-candidato-fracasado-para-gobernador\/\"]}]},{\"@type\":\"ImageObject\",\"inLanguage\":\"es\",\"@id\":\"https:\/\/jbpritzker.com\/es\/latest\/el-mismo-darren-bailey-de-siempre-el-partido-republicano-de-illinois-nomina-a-un-extremista-y-candidato-fracasado-para-gobernador\/#primaryimage\",\"url\":\"https:\/\/jbpritzker.com\/wp-content\/uploads\/2025\/11\/jb-christian-pr-post.png\",\"contentUrl\":\"https:\/\/jbpritzker.com\/wp-content\/uploads\/2025\/11\/jb-christian-pr-post.png\",\"width\":1800,\"height\":1200},{\"@type\":\"BreadcrumbList\",\"@id\":\"https:\/\/jbpritzker.com\/es\/latest\/el-mismo-darren-bailey-de-siempre-el-partido-republicano-de-illinois-nomina-a-un-extremista-y-candidato-fracasado-para-gobernador\/#breadcrumb\",\"itemListElement\":[{\"@type\":\"ListItem\",\"position\":1,\"name\":\"Home\",\"item\":\"https:\/\/jbpritzker.com\/es\/\"},{\"@type\":\"ListItem\",\"position\":2,\"name\":\"El Mismo Darren Bailey de siempre: el Partido Republicano de Illinois Nomina a un Extremista y Candidato Fracasado para Gobernador\"}]},{\"@type\":\"WebSite\",\"@id\":\"https:\/\/jbpritzker.com\/es\/#website\",\"url\":\"https:\/\/jbpritzker.com\/es\/\",\"name\":\"JB for Governor\",\"description\":\"Official Campaign Website of Illinois Governor JB Pritzker\",\"publisher\":{\"@id\":\"https:\/\/jbpritzker.com\/es\/#organization\"},\"alternateName\":\"JB Pritzker for Governor\",\"potentialAction\":[{\"@type\":\"SearchAction\",\"target\":{\"@type\":\"EntryPoint\",\"urlTemplate\":\"https:\/\/jbpritzker.com\/es\/?s={search_term_string}\"},\"query-input\":{\"@type\":\"PropertyValueSpecification\",\"valueRequired\":true,\"valueName\":\"search_term_string\"}}],\"inLanguage\":\"es\"},{\"@type\":\"Organization\",\"@id\":\"https:\/\/jbpritzker.com\/es\/#organization\",\"name\":\"JB for Governor\",\"url\":\"https:\/\/jbpritzker.com\/es\/\",\"logo\":{\"@type\":\"ImageObject\",\"inLanguage\":\"es\",\"@id\":\"https:\/\/jbpritzker.com\/es\/#\/schema\/logo\/image\/\",\"url\":\"https:\/\/jbpritzker.com\/wp-content\/uploads\/2025\/06\/jbpg-google-site-logo.png\",\"contentUrl\":\"https:\/\/jbpritzker.com\/wp-content\/uploads\/2025\/06\/jbpg-google-site-logo.png\",\"width\":512,\"height\":512,\"caption\":\"JB for Governor\"},\"image\":{\"@id\":\"https:\/\/jbpritzker.com\/es\/#\/schema\/logo\/image\/\"},\"sameAs\":[\"https:\/\/www.facebook.com\/jbpritzker\",\"https:\/\/x.com\/jbpritzker\",\"https:\/\/www.instagram.com\/jbpritzker\",\"https:\/\/www.youtube.com\/@jbpritzker\",\"https:\/\/www.threads.net\/@jbpritzker\",\"https:\/\/bsky.app\/profile\/jbpritzker.bsky.social\",\"https:\/\/www.tiktok.com\/@teamjb_hq\"]},{\"@type\":\"Person\",\"@id\":\"https:\/\/jbpritzker.com\/es\/#\/schema\/person\/c52c7eb6ef19554cede2edf920157580\",\"name\":\"Mikayla Denault\",\"image\":{\"@type\":\"ImageObject\",\"inLanguage\":\"es\",\"@id\":\"https:\/\/jbpritzker.com\/es\/#\/schema\/person\/image\/\",\"url\":\"https:\/\/secure.gravatar.com\/avatar\/35804924c3dd15232b0a0344168ee68dbac4d5cac1ded1854d5dbca14e2b050b?s=96&d=mm&r=g\",\"contentUrl\":\"https:\/\/secure.gravatar.com\/avatar\/35804924c3dd15232b0a0344168ee68dbac4d5cac1ded1854d5dbca14e2b050b?s=96&d=mm&r=g\",\"caption\":\"Mikayla Denault\"}}]}<\/script>\n<!-- \/ Yoast SEO plugin. -->","yoast_head_json":{"title":"El Mismo Darren Bailey de siempre: el Partido Republicano de Illinois Nomina a un Extremista y Candidato Fracasado para Gobernador - JB for Governor","robots":{"index":"noindex","follow":"follow"},"og_locale":"es_ES","og_type":"article","og_title":"El Mismo Darren Bailey de siempre: el Partido Republicano de Illinois Nomina a un Extremista y Candidato Fracasado para Gobernador - JB for Governor","og_description":"JB for Governor Lanza un Nuevo Video Titulado \u201cHe's Back\u201d","og_url":"https:\/\/jbpritzker.com\/es\/latest\/el-mismo-darren-bailey-de-siempre-el-partido-republicano-de-illinois-nomina-a-un-extremista-y-candidato-fracasado-para-gobernador\/","og_site_name":"JB for Governor","article_publisher":"https:\/\/www.facebook.com\/jbpritzker","article_published_time":"2026-03-18T11:18:34+00:00","article_modified_time":"2026-03-23T20:40:31+00:00","og_image":[{"width":1800,"height":1200,"url":"https:\/\/jbpritzker.com\/wp-content\/uploads\/2025\/11\/jb-christian-pr-post.png","type":"image\/png"}],"author":"Mikayla Denault","twitter_card":"summary_large_image","twitter_creator":"@jbpritzker","twitter_site":"@jbpritzker","schema":{"@context":"https:\/\/schema.org","@graph":[{"@type":"Article","@id":"https:\/\/jbpritzker.com\/es\/latest\/el-mismo-darren-bailey-de-siempre-el-partido-republicano-de-illinois-nomina-a-un-extremista-y-candidato-fracasado-para-gobernador\/#article","isPartOf":{"@id":"https:\/\/jbpritzker.com\/es\/latest\/el-mismo-darren-bailey-de-siempre-el-partido-republicano-de-illinois-nomina-a-un-extremista-y-candidato-fracasado-para-gobernador\/"},"author":{"name":"Mikayla Denault","@id":"https:\/\/jbpritzker.com\/es\/#\/schema\/person\/c52c7eb6ef19554cede2edf920157580"},"headline":"El Mismo Darren Bailey de siempre: el Partido Republicano de Illinois Nomina a un Extremista y Candidato Fracasado para Gobernador","datePublished":"2026-03-18T11:18:34+00:00","dateModified":"2026-03-23T20:40:31+00:00","mainEntityOfPage":{"@id":"https:\/\/jbpritzker.com\/es\/latest\/el-mismo-darren-bailey-de-siempre-el-partido-republicano-de-illinois-nomina-a-un-extremista-y-candidato-fracasado-para-gobernador\/"},"wordCount":411,"publisher":{"@id":"https:\/\/jbpritzker.com\/es\/#organization"},"image":{"@id":"https:\/\/jbpritzker.com\/es\/latest\/el-mismo-darren-bailey-de-siempre-el-partido-republicano-de-illinois-nomina-a-un-extremista-y-candidato-fracasado-para-gobernador\/#primaryimage"},"thumbnailUrl":"https:\/\/jbpritzker.com\/wp-content\/uploads\/2025\/11\/jb-christian-pr-post.png","inLanguage":"es"},{"@type":"WebPage","@id":"https:\/\/jbpritzker.com\/es\/latest\/el-mismo-darren-bailey-de-siempre-el-partido-republicano-de-illinois-nomina-a-un-extremista-y-candidato-fracasado-para-gobernador\/","url":"https:\/\/jbpritzker.com\/es\/latest\/el-mismo-darren-bailey-de-siempre-el-partido-republicano-de-illinois-nomina-a-un-extremista-y-candidato-fracasado-para-gobernador\/","name":"El Mismo Darren Bailey de siempre: el Partido Republicano de Illinois Nomina a un Extremista y Candidato Fracasado para Gobernador - JB for Governor","isPartOf":{"@id":"https:\/\/jbpritzker.com\/es\/#website"},"primaryImageOfPage":{"@id":"https:\/\/jbpritzker.com\/es\/latest\/el-mismo-darren-bailey-de-siempre-el-partido-republicano-de-illinois-nomina-a-un-extremista-y-candidato-fracasado-para-gobernador\/#primaryimage"},"image":{"@id":"https:\/\/jbpritzker.com\/es\/latest\/el-mismo-darren-bailey-de-siempre-el-partido-republicano-de-illinois-nomina-a-un-extremista-y-candidato-fracasado-para-gobernador\/#primaryimage"},"thumbnailUrl":"https:\/\/jbpritzker.com\/wp-content\/uploads\/2025\/11\/jb-christian-pr-post.png","datePublished":"2026-03-18T11:18:34+00:00","dateModified":"2026-03-23T20:40:31+00:00","breadcrumb":{"@id":"https:\/\/jbpritzker.com\/es\/latest\/el-mismo-darren-bailey-de-siempre-el-partido-republicano-de-illinois-nomina-a-un-extremista-y-candidato-fracasado-para-gobernador\/#breadcrumb"},"inLanguage":"es","potentialAction":[{"@type":"ReadAction","target":["https:\/\/jbpritzker.com\/es\/latest\/el-mismo-darren-bailey-de-siempre-el-partido-republicano-de-illinois-nomina-a-un-extremista-y-candidato-fracasado-para-gobernador\/"]}]},{"@type":"ImageObject","inLanguage":"es","@id":"https:\/\/jbpritzker.com\/es\/latest\/el-mismo-darren-bailey-de-siempre-el-partido-republicano-de-illinois-nomina-a-un-extremista-y-candidato-fracasado-para-gobernador\/#primaryimage","url":"https:\/\/jbpritzker.com\/wp-content\/uploads\/2025\/11\/jb-christian-pr-post.png","contentUrl":"https:\/\/jbpritzker.com\/wp-content\/uploads\/2025\/11\/jb-christian-pr-post.png","width":1800,"height":1200},{"@type":"BreadcrumbList","@id":"https:\/\/jbpritzker.com\/es\/latest\/el-mismo-darren-bailey-de-siempre-el-partido-republicano-de-illinois-nomina-a-un-extremista-y-candidato-fracasado-para-gobernador\/#breadcrumb","itemListElement":[{"@type":"ListItem","position":1,"name":"Home","item":"https:\/\/jbpritzker.com\/es\/"},{"@type":"ListItem","position":2,"name":"El Mismo Darren Bailey de siempre: el Partido Republicano de Illinois Nomina a un Extremista y Candidato Fracasado para Gobernador"}]},{"@type":"WebSite","@id":"https:\/\/jbpritzker.com\/es\/#website","url":"https:\/\/jbpritzker.com\/es\/","name":"JB for Governor","description":"Official Campaign Website of Illinois Governor JB Pritzker","publisher":{"@id":"https:\/\/jbpritzker.com\/es\/#organization"},"alternateName":"JB Pritzker for Governor","potentialAction":[{"@type":"SearchAction","target":{"@type":"EntryPoint","urlTemplate":"https:\/\/jbpritzker.com\/es\/?s={search_term_string}"},"query-input":{"@type":"PropertyValueSpecification","valueRequired":true,"valueName":"search_term_string"}}],"inLanguage":"es"},{"@type":"Organization","@id":"https:\/\/jbpritzker.com\/es\/#organization","name":"JB for Governor","url":"https:\/\/jbpritzker.com\/es\/","logo":{"@type":"ImageObject","inLanguage":"es","@id":"https:\/\/jbpritzker.com\/es\/#\/schema\/logo\/image\/","url":"https:\/\/jbpritzker.com\/wp-content\/uploads\/2025\/06\/jbpg-google-site-logo.png","contentUrl":"https:\/\/jbpritzker.com\/wp-content\/uploads\/2025\/06\/jbpg-google-site-logo.png","width":512,"height":512,"caption":"JB for Governor"},"image":{"@id":"https:\/\/jbpritzker.com\/es\/#\/schema\/logo\/image\/"},"sameAs":["https:\/\/www.facebook.com\/jbpritzker","https:\/\/x.com\/jbpritzker","https:\/\/www.instagram.com\/jbpritzker","https:\/\/www.youtube.com\/@jbpritzker","https:\/\/www.threads.net\/@jbpritzker","https:\/\/bsky.app\/profile\/jbpritzker.bsky.social","https:\/\/www.tiktok.com\/@teamjb_hq"]},{"@type":"Person","@id":"https:\/\/jbpritzker.com\/es\/#\/schema\/person\/c52c7eb6ef19554cede2edf920157580","name":"Mikayla Denault","image":{"@type":"ImageObject","inLanguage":"es","@id":"https:\/\/jbpritzker.com\/es\/#\/schema\/person\/image\/","url":"https:\/\/secure.gravatar.com\/avatar\/35804924c3dd15232b0a0344168ee68dbac4d5cac1ded1854d5dbca14e2b050b?s=96&d=mm&r=g","contentUrl":"https:\/\/secure.gravatar.com\/avatar\/35804924c3dd15232b0a0344168ee68dbac4d5cac1ded1854d5dbca14e2b050b?s=96&d=mm&r=g","caption":"Mikayla Denault"}}]}},"_links":{"self":[{"href":"https:\/\/jbpritzker.com\/es\/wp-json\/wp\/v2\/posts\/2387","targetHints":{"allow":["GET"]}}],"collection":[{"href":"https:\/\/jbpritzker.com\/es\/wp-json\/wp\/v2\/posts"}],"about":[{"href":"https:\/\/jbpritzker.com\/es\/wp-json\/wp\/v2\/types\/post"}],"author":[{"embeddable":true,"href":"https:\/\/jbpritzker.com\/es\/wp-json\/wp\/v2\/users\/7"}],"replies":[{"embeddable":true,"href":"https:\/\/jbpritzker.com\/es\/wp-json\/wp\/v2\/comments?post=2387"}],"version-history":[{"count":0,"href":"https:\/\/jbpritzker.com\/es\/wp-json\/wp\/v2\/posts\/2387\/revisions"}],"wp:featuredmedia":[{"embeddable":true,"href":"https:\/\/jbpritzker.com\/es\/wp-json\/wp\/v2\/media\/2294"}],"wp:attachment":[{"href":"https:\/\/jbpritzker.com\/es\/wp-json\/wp\/v2\/media?parent=2387"}],"wp:term":[{"taxonomy":"category","embeddable":true,"href":"https:\/\/jbpritzker.com\/es\/wp-json\/wp\/v2\/categories?post=2387"},{"taxonomy":"post_tag","embeddable":true,"href":"https:\/\/jbpritzker.com\/es\/wp-json\/wp\/v2\/tags?post=2387"}],"curies":[{"name":"wp","href":"https:\/\/api.w.org\/{rel}","templated":true}]}}