{"id":2386,"date":"2026-03-14T14:32:00","date_gmt":"2026-03-14T19:32:00","guid":{"rendered":"https:\/\/jbpritzker.com\/latest\/el-bobernador-jb-pritzker-y-christian-mitchell-celebran-el-dia-de-san-patricio\/"},"modified":"2026-03-23T12:33:40","modified_gmt":"2026-03-23T17:33:40","slug":"el-bobernador-jb-pritzker-y-christian-mitchell-celebran-el-dia-de-san-patricio","status":"publish","type":"post","link":"https:\/\/jbpritzker.com\/es\/latest\/el-bobernador-jb-pritzker-y-christian-mitchell-celebran-el-dia-de-san-patricio\/","title":{"rendered":"El Bobernador JB Pritzker y Christian Mitchell Celebran el D\u00eda de San Patricio"},"content":{"rendered":"\n<p class=\"has-text-align-center\"><em><strong>El Gobernador Pritzker y el Candidato a Vicegobernador Christian Mitchell Asisten al Te\u00f1ido del R\u00edo y a Misa, y Marchan en el Desfile<\/strong><\/em><\/p>\n\n<p><p data-start=\"219\" data-end=\"426\"><strong data-start=\"219\" data-end=\"232\">CHICAGO \u2013<\/strong> El s\u00e1bado 14 de marzo, el gobernador JB Pritzker y el candidato a vicegobernador Christian Mitchell marcharon en el desfile anual del D\u00eda de San Patricio de Chicago junto a sus simpatizantes.<\/p><\/p>\n\n<p>M\u00e1s temprano ese d\u00eda, el gobernador Pritzker y Christian asistieron al te\u00f1ido anual de verde del r\u00edo Chicago y a misa en la Iglesia Cat\u00f3lica Old St. Patrick\u2019s.<\/p>\n\n<p><p data-start=\"591\" data-end=\"894\">\u201cNinguna ciudad celebra el D\u00eda de San Patricio como Chicago\u201d, <strong>dijo el gobernador Pritzker<\/strong>. \u201cCada a\u00f1o, este desfile re\u00fane a familias y amigos para celebrar el D\u00eda de San Patricio y la herencia irlandesa de nuestra ciudad. Les deseo a todos la suerte de los irlandeses y unas fiestas seguras y felices.\u201d<\/p><\/p>\n\n<p><p data-start=\"896\" data-end=\"1182\">\u201cEs un honor marchar junto al gobernador Pritzker en el desfile del D\u00eda de San Patricio de este a\u00f1o\u201d, <strong>dijo el candidato a vicegobernador Christian Mitchell<\/strong>. \u201cEl D\u00eda de San Patricio en Chicago es uno de los mejores fines de semana del a\u00f1o, y me emociona ser parte de las festividades.\u201d<\/p><\/p>\n\n<p class=\"has-text-align-center\"><div class=\"flex flex-col text-sm pb-25\"><section class=\"text-token-text-primary w-full focus:outline-none [--shadow-height:45px] has-data-writing-block:pointer-events-none has-data-writing-block:-mt-(--shadow-height) has-data-writing-block:pt-(--shadow-height) [&amp;:has([data-writing-block])&gt;*]:pointer-events-auto scroll-mt-[calc(var(--header-height)+min(200px,max(70px,20svh)))]\" dir=\"auto\" data-turn-id=\"request-WEB:56432e6d-8c77-4f27-97d0-8d68802add6a-1\" data-testid=\"conversation-turn-4\" data-scroll-anchor=\"true\" data-turn=\"assistant\">&#13;\n<div class=\"text-base my-auto mx-auto pb-10 [--thread-content-margin:var(--thread-content-margin-xs,calc(var(--spacing)*4))] @w-sm\/main:[--thread-content-margin:var(--thread-content-margin-sm,calc(var(--spacing)*6))] @w-lg\/main:[--thread-content-margin:var(--thread-content-margin-lg,calc(var(--spacing)*16))] px-(--thread-content-margin)\">&#13;\n<div class=\"[--thread-content-max-width:40rem] @w-lg\/main:[--thread-content-max-width:48rem] mx-auto max-w-(--thread-content-max-width) flex-1 group\/turn-messages focus-visible:outline-hidden relative flex w-full min-w-0 flex-col agent-turn\">&#13;\n<div class=\"flex max-w-full flex-col gap-4 grow\">&#13;\n<div class=\"min-h-8 text-message relative flex w-full flex-col items-end gap-2 text-start break-words whitespace-normal outline-none keyboard-focused:focus-ring [.text-message+&amp;]:mt-1\" dir=\"auto\" tabindex=\"0\" data-message-author-role=\"assistant\" data-message-id=\"3af4458e-c548-4eb5-ac8b-b197191cbcfc\" data-message-model-slug=\"gpt-5-3\" data-turn-start-message=\"true\">&#13;\n<div class=\"flex w-full flex-col gap-1 empty:hidden\">&#13;\n<div class=\"markdown prose dark:prose-invert w-full wrap-break-word light markdown-new-styling\">&#13;\n<p data-start=\"1184\" data-end=\"1221\" data-is-last-node=\"\" data-is-only-node=\"\"><strong>Desfile anual del D\u00eda de San Patricio<\/strong><\/p>&#13;\n&#13;\n<\/div><br\/><\/div><br\/><\/div><br\/><\/div><br\/><\/div><br\/><\/div><br\/><\/section><\/div><\/p>\n\n<figure class=\"wp-block-image size-large\"><img loading=\"lazy\" decoding=\"async\" width=\"1024\" height=\"683\" src=\"https:\/\/jbpritzker.com\/wp-content\/uploads\/2026\/03\/ParadeJB-1024x683.jpeg\" alt=\"\" class=\"wp-image-2372\" srcset=\"https:\/\/jbpritzker.com\/wp-content\/uploads\/2026\/03\/ParadeJB-1024x683.jpeg 1024w, https:\/\/jbpritzker.com\/wp-content\/uploads\/2026\/03\/ParadeJB-300x200.jpeg 300w, https:\/\/jbpritzker.com\/wp-content\/uploads\/2026\/03\/ParadeJB-768x512.jpeg 768w, https:\/\/jbpritzker.com\/wp-content\/uploads\/2026\/03\/ParadeJB-1536x1025.jpeg 1536w, https:\/\/jbpritzker.com\/wp-content\/uploads\/2026\/03\/ParadeJB.jpeg 2048w\" sizes=\"auto, (max-width: 1024px) 100vw, 1024px\" \/><\/figure>\n\n<figure class=\"wp-block-image size-large\"><img loading=\"lazy\" decoding=\"async\" width=\"1024\" height=\"683\" src=\"https:\/\/jbpritzker.com\/wp-content\/uploads\/2026\/03\/JB_irishflag-1024x683.jpeg\" alt=\"\" class=\"wp-image-2373\" srcset=\"https:\/\/jbpritzker.com\/wp-content\/uploads\/2026\/03\/JB_irishflag-1024x683.jpeg 1024w, https:\/\/jbpritzker.com\/wp-content\/uploads\/2026\/03\/JB_irishflag-300x200.jpeg 300w, https:\/\/jbpritzker.com\/wp-content\/uploads\/2026\/03\/JB_irishflag-768x512.jpeg 768w, https:\/\/jbpritzker.com\/wp-content\/uploads\/2026\/03\/JB_irishflag-1536x1025.jpeg 1536w, https:\/\/jbpritzker.com\/wp-content\/uploads\/2026\/03\/JB_irishflag.jpeg 2048w\" sizes=\"auto, (max-width: 1024px) 100vw, 1024px\" \/><\/figure>\n\n<p class=\"has-text-align-center\">###<\/p>\n\n<p><strong>CONTACTO:<\/strong>\u00a0<a href=\"mailto:press@jbpritzkercampaign.com\" target=\"_blank\" rel=\"noreferrer noopener\">press@jbpritzkercampaign.com<\/a><\/p>\n\n<p><\/p>\n","protected":false},"excerpt":{"rendered":"<p>El Gobernador Pritzker y el Candidato a Vicegobernador Christian Mitchell Asisten al Te\u00f1ido del R\u00edo y a Misa, y Marchan en el Desfile<\/p>\n","protected":false},"author":7,"featured_media":2294,"comment_status":"closed","ping_status":"closed","sticky":false,"template":"","format":"standard","meta":{"_acf_changed":false,"footnotes":""},"categories":[15],"tags":[],"class_list":["post-2386","post","type-post","status-publish","format-standard","has-post-thumbnail","hentry","category-sin-categoria"],"acf":[],"yoast_head":"<!-- This site is optimized with the Yoast SEO plugin v26.5 - https:\/\/yoast.com\/wordpress\/plugins\/seo\/ -->\n<title>El Bobernador JB Pritzker y Christian Mitchell Celebran el D\u00eda de San Patricio - JB for Governor<\/title>\n<meta name=\"robots\" content=\"noindex, follow\" \/>\n<meta property=\"og:locale\" content=\"es_ES\" \/>\n<meta property=\"og:type\" content=\"article\" \/>\n<meta property=\"og:title\" content=\"El Bobernador JB Pritzker y Christian Mitchell Celebran el D\u00eda de San Patricio - JB for Governor\" \/>\n<meta property=\"og:description\" content=\"El Gobernador Pritzker y el Candidato a Vicegobernador Christian Mitchell Asisten al Te\u00f1ido del R\u00edo y a Misa, y Marchan en el Desfile\" \/>\n<meta property=\"og:url\" content=\"https:\/\/jbpritzker.com\/es\/latest\/el-bobernador-jb-pritzker-y-christian-mitchell-celebran-el-dia-de-san-patricio\/\" \/>\n<meta property=\"og:site_name\" content=\"JB for Governor\" \/>\n<meta property=\"article:publisher\" content=\"https:\/\/www.facebook.com\/jbpritzker\" \/>\n<meta property=\"article:published_time\" content=\"2026-03-14T19:32:00+00:00\" \/>\n<meta property=\"article:modified_time\" content=\"2026-03-23T17:33:40+00:00\" \/>\n<meta property=\"og:image\" content=\"https:\/\/jbpritzker.com\/wp-content\/uploads\/2025\/11\/jb-christian-pr-post.png\" \/>\n\t<meta property=\"og:image:width\" content=\"1800\" \/>\n\t<meta property=\"og:image:height\" content=\"1200\" \/>\n\t<meta property=\"og:image:type\" content=\"image\/png\" \/>\n<meta name=\"author\" content=\"Mikayla Denault\" \/>\n<meta name=\"twitter:card\" content=\"summary_large_image\" \/>\n<meta name=\"twitter:creator\" content=\"@jbpritzker\" \/>\n<meta name=\"twitter:site\" content=\"@jbpritzker\" \/>\n<script type=\"application\/ld+json\" class=\"yoast-schema-graph\">{\"@context\":\"https:\/\/schema.org\",\"@graph\":[{\"@type\":\"Article\",\"@id\":\"https:\/\/jbpritzker.com\/es\/latest\/el-bobernador-jb-pritzker-y-christian-mitchell-celebran-el-dia-de-san-patricio\/#article\",\"isPartOf\":{\"@id\":\"https:\/\/jbpritzker.com\/es\/latest\/el-bobernador-jb-pritzker-y-christian-mitchell-celebran-el-dia-de-san-patricio\/\"},\"author\":{\"name\":\"Mikayla Denault\",\"@id\":\"https:\/\/jbpritzker.com\/es\/#\/schema\/person\/c52c7eb6ef19554cede2edf920157580\"},\"headline\":\"El Bobernador JB Pritzker y Christian Mitchell Celebran el D\u00eda de San Patricio\",\"datePublished\":\"2026-03-14T19:32:00+00:00\",\"dateModified\":\"2026-03-23T17:33:40+00:00\",\"mainEntityOfPage\":{\"@id\":\"https:\/\/jbpritzker.com\/es\/latest\/el-bobernador-jb-pritzker-y-christian-mitchell-celebran-el-dia-de-san-patricio\/\"},\"wordCount\":230,\"publisher\":{\"@id\":\"https:\/\/jbpritzker.com\/es\/#organization\"},\"image\":{\"@id\":\"https:\/\/jbpritzker.com\/es\/latest\/el-bobernador-jb-pritzker-y-christian-mitchell-celebran-el-dia-de-san-patricio\/#primaryimage\"},\"thumbnailUrl\":\"https:\/\/jbpritzker.com\/wp-content\/uploads\/2025\/11\/jb-christian-pr-post.png\",\"inLanguage\":\"es\"},{\"@type\":\"WebPage\",\"@id\":\"https:\/\/jbpritzker.com\/es\/latest\/el-bobernador-jb-pritzker-y-christian-mitchell-celebran-el-dia-de-san-patricio\/\",\"url\":\"https:\/\/jbpritzker.com\/es\/latest\/el-bobernador-jb-pritzker-y-christian-mitchell-celebran-el-dia-de-san-patricio\/\",\"name\":\"El Bobernador JB Pritzker y Christian Mitchell Celebran el D\u00eda de San Patricio - JB for Governor\",\"isPartOf\":{\"@id\":\"https:\/\/jbpritzker.com\/es\/#website\"},\"primaryImageOfPage\":{\"@id\":\"https:\/\/jbpritzker.com\/es\/latest\/el-bobernador-jb-pritzker-y-christian-mitchell-celebran-el-dia-de-san-patricio\/#primaryimage\"},\"image\":{\"@id\":\"https:\/\/jbpritzker.com\/es\/latest\/el-bobernador-jb-pritzker-y-christian-mitchell-celebran-el-dia-de-san-patricio\/#primaryimage\"},\"thumbnailUrl\":\"https:\/\/jbpritzker.com\/wp-content\/uploads\/2025\/11\/jb-christian-pr-post.png\",\"datePublished\":\"2026-03-14T19:32:00+00:00\",\"dateModified\":\"2026-03-23T17:33:40+00:00\",\"breadcrumb\":{\"@id\":\"https:\/\/jbpritzker.com\/es\/latest\/el-bobernador-jb-pritzker-y-christian-mitchell-celebran-el-dia-de-san-patricio\/#breadcrumb\"},\"inLanguage\":\"es\",\"potentialAction\":[{\"@type\":\"ReadAction\",\"target\":[\"https:\/\/jbpritzker.com\/es\/latest\/el-bobernador-jb-pritzker-y-christian-mitchell-celebran-el-dia-de-san-patricio\/\"]}]},{\"@type\":\"ImageObject\",\"inLanguage\":\"es\",\"@id\":\"https:\/\/jbpritzker.com\/es\/latest\/el-bobernador-jb-pritzker-y-christian-mitchell-celebran-el-dia-de-san-patricio\/#primaryimage\",\"url\":\"https:\/\/jbpritzker.com\/wp-content\/uploads\/2025\/11\/jb-christian-pr-post.png\",\"contentUrl\":\"https:\/\/jbpritzker.com\/wp-content\/uploads\/2025\/11\/jb-christian-pr-post.png\",\"width\":1800,\"height\":1200},{\"@type\":\"BreadcrumbList\",\"@id\":\"https:\/\/jbpritzker.com\/es\/latest\/el-bobernador-jb-pritzker-y-christian-mitchell-celebran-el-dia-de-san-patricio\/#breadcrumb\",\"itemListElement\":[{\"@type\":\"ListItem\",\"position\":1,\"name\":\"Home\",\"item\":\"https:\/\/jbpritzker.com\/es\/\"},{\"@type\":\"ListItem\",\"position\":2,\"name\":\"El Bobernador JB Pritzker y Christian Mitchell Celebran el D\u00eda de San Patricio\"}]},{\"@type\":\"WebSite\",\"@id\":\"https:\/\/jbpritzker.com\/es\/#website\",\"url\":\"https:\/\/jbpritzker.com\/es\/\",\"name\":\"JB for Governor\",\"description\":\"Official Campaign Website of Illinois Governor JB Pritzker\",\"publisher\":{\"@id\":\"https:\/\/jbpritzker.com\/es\/#organization\"},\"alternateName\":\"JB Pritzker for Governor\",\"potentialAction\":[{\"@type\":\"SearchAction\",\"target\":{\"@type\":\"EntryPoint\",\"urlTemplate\":\"https:\/\/jbpritzker.com\/es\/?s={search_term_string}\"},\"query-input\":{\"@type\":\"PropertyValueSpecification\",\"valueRequired\":true,\"valueName\":\"search_term_string\"}}],\"inLanguage\":\"es\"},{\"@type\":\"Organization\",\"@id\":\"https:\/\/jbpritzker.com\/es\/#organization\",\"name\":\"JB for Governor\",\"url\":\"https:\/\/jbpritzker.com\/es\/\",\"logo\":{\"@type\":\"ImageObject\",\"inLanguage\":\"es\",\"@id\":\"https:\/\/jbpritzker.com\/es\/#\/schema\/logo\/image\/\",\"url\":\"https:\/\/jbpritzker.com\/wp-content\/uploads\/2025\/06\/jbpg-google-site-logo.png\",\"contentUrl\":\"https:\/\/jbpritzker.com\/wp-content\/uploads\/2025\/06\/jbpg-google-site-logo.png\",\"width\":512,\"height\":512,\"caption\":\"JB for Governor\"},\"image\":{\"@id\":\"https:\/\/jbpritzker.com\/es\/#\/schema\/logo\/image\/\"},\"sameAs\":[\"https:\/\/www.facebook.com\/jbpritzker\",\"https:\/\/x.com\/jbpritzker\",\"https:\/\/www.instagram.com\/jbpritzker\",\"https:\/\/www.youtube.com\/@jbpritzker\",\"https:\/\/www.threads.net\/@jbpritzker\",\"https:\/\/bsky.app\/profile\/jbpritzker.bsky.social\",\"https:\/\/www.tiktok.com\/@teamjb_hq\"]},{\"@type\":\"Person\",\"@id\":\"https:\/\/jbpritzker.com\/es\/#\/schema\/person\/c52c7eb6ef19554cede2edf920157580\",\"name\":\"Mikayla Denault\",\"image\":{\"@type\":\"ImageObject\",\"inLanguage\":\"es\",\"@id\":\"https:\/\/jbpritzker.com\/es\/#\/schema\/person\/image\/\",\"url\":\"https:\/\/secure.gravatar.com\/avatar\/35804924c3dd15232b0a0344168ee68dbac4d5cac1ded1854d5dbca14e2b050b?s=96&d=mm&r=g\",\"contentUrl\":\"https:\/\/secure.gravatar.com\/avatar\/35804924c3dd15232b0a0344168ee68dbac4d5cac1ded1854d5dbca14e2b050b?s=96&d=mm&r=g\",\"caption\":\"Mikayla Denault\"}}]}<\/script>\n<!-- \/ Yoast SEO plugin. -->","yoast_head_json":{"title":"El Bobernador JB Pritzker y Christian Mitchell Celebran el D\u00eda de San Patricio - JB for Governor","robots":{"index":"noindex","follow":"follow"},"og_locale":"es_ES","og_type":"article","og_title":"El Bobernador JB Pritzker y Christian Mitchell Celebran el D\u00eda de San Patricio - JB for Governor","og_description":"El Gobernador Pritzker y el Candidato a Vicegobernador Christian Mitchell Asisten al Te\u00f1ido del R\u00edo y a Misa, y Marchan en el Desfile","og_url":"https:\/\/jbpritzker.com\/es\/latest\/el-bobernador-jb-pritzker-y-christian-mitchell-celebran-el-dia-de-san-patricio\/","og_site_name":"JB for Governor","article_publisher":"https:\/\/www.facebook.com\/jbpritzker","article_published_time":"2026-03-14T19:32:00+00:00","article_modified_time":"2026-03-23T17:33:40+00:00","og_image":[{"width":1800,"height":1200,"url":"https:\/\/jbpritzker.com\/wp-content\/uploads\/2025\/11\/jb-christian-pr-post.png","type":"image\/png"}],"author":"Mikayla Denault","twitter_card":"summary_large_image","twitter_creator":"@jbpritzker","twitter_site":"@jbpritzker","schema":{"@context":"https:\/\/schema.org","@graph":[{"@type":"Article","@id":"https:\/\/jbpritzker.com\/es\/latest\/el-bobernador-jb-pritzker-y-christian-mitchell-celebran-el-dia-de-san-patricio\/#article","isPartOf":{"@id":"https:\/\/jbpritzker.com\/es\/latest\/el-bobernador-jb-pritzker-y-christian-mitchell-celebran-el-dia-de-san-patricio\/"},"author":{"name":"Mikayla Denault","@id":"https:\/\/jbpritzker.com\/es\/#\/schema\/person\/c52c7eb6ef19554cede2edf920157580"},"headline":"El Bobernador JB Pritzker y Christian Mitchell Celebran el D\u00eda de San Patricio","datePublished":"2026-03-14T19:32:00+00:00","dateModified":"2026-03-23T17:33:40+00:00","mainEntityOfPage":{"@id":"https:\/\/jbpritzker.com\/es\/latest\/el-bobernador-jb-pritzker-y-christian-mitchell-celebran-el-dia-de-san-patricio\/"},"wordCount":230,"publisher":{"@id":"https:\/\/jbpritzker.com\/es\/#organization"},"image":{"@id":"https:\/\/jbpritzker.com\/es\/latest\/el-bobernador-jb-pritzker-y-christian-mitchell-celebran-el-dia-de-san-patricio\/#primaryimage"},"thumbnailUrl":"https:\/\/jbpritzker.com\/wp-content\/uploads\/2025\/11\/jb-christian-pr-post.png","inLanguage":"es"},{"@type":"WebPage","@id":"https:\/\/jbpritzker.com\/es\/latest\/el-bobernador-jb-pritzker-y-christian-mitchell-celebran-el-dia-de-san-patricio\/","url":"https:\/\/jbpritzker.com\/es\/latest\/el-bobernador-jb-pritzker-y-christian-mitchell-celebran-el-dia-de-san-patricio\/","name":"El Bobernador JB Pritzker y Christian Mitchell Celebran el D\u00eda de San Patricio - JB for Governor","isPartOf":{"@id":"https:\/\/jbpritzker.com\/es\/#website"},"primaryImageOfPage":{"@id":"https:\/\/jbpritzker.com\/es\/latest\/el-bobernador-jb-pritzker-y-christian-mitchell-celebran-el-dia-de-san-patricio\/#primaryimage"},"image":{"@id":"https:\/\/jbpritzker.com\/es\/latest\/el-bobernador-jb-pritzker-y-christian-mitchell-celebran-el-dia-de-san-patricio\/#primaryimage"},"thumbnailUrl":"https:\/\/jbpritzker.com\/wp-content\/uploads\/2025\/11\/jb-christian-pr-post.png","datePublished":"2026-03-14T19:32:00+00:00","dateModified":"2026-03-23T17:33:40+00:00","breadcrumb":{"@id":"https:\/\/jbpritzker.com\/es\/latest\/el-bobernador-jb-pritzker-y-christian-mitchell-celebran-el-dia-de-san-patricio\/#breadcrumb"},"inLanguage":"es","potentialAction":[{"@type":"ReadAction","target":["https:\/\/jbpritzker.com\/es\/latest\/el-bobernador-jb-pritzker-y-christian-mitchell-celebran-el-dia-de-san-patricio\/"]}]},{"@type":"ImageObject","inLanguage":"es","@id":"https:\/\/jbpritzker.com\/es\/latest\/el-bobernador-jb-pritzker-y-christian-mitchell-celebran-el-dia-de-san-patricio\/#primaryimage","url":"https:\/\/jbpritzker.com\/wp-content\/uploads\/2025\/11\/jb-christian-pr-post.png","contentUrl":"https:\/\/jbpritzker.com\/wp-content\/uploads\/2025\/11\/jb-christian-pr-post.png","width":1800,"height":1200},{"@type":"BreadcrumbList","@id":"https:\/\/jbpritzker.com\/es\/latest\/el-bobernador-jb-pritzker-y-christian-mitchell-celebran-el-dia-de-san-patricio\/#breadcrumb","itemListElement":[{"@type":"ListItem","position":1,"name":"Home","item":"https:\/\/jbpritzker.com\/es\/"},{"@type":"ListItem","position":2,"name":"El Bobernador JB Pritzker y Christian Mitchell Celebran el D\u00eda de San Patricio"}]},{"@type":"WebSite","@id":"https:\/\/jbpritzker.com\/es\/#website","url":"https:\/\/jbpritzker.com\/es\/","name":"JB for Governor","description":"Official Campaign Website of Illinois Governor JB Pritzker","publisher":{"@id":"https:\/\/jbpritzker.com\/es\/#organization"},"alternateName":"JB Pritzker for Governor","potentialAction":[{"@type":"SearchAction","target":{"@type":"EntryPoint","urlTemplate":"https:\/\/jbpritzker.com\/es\/?s={search_term_string}"},"query-input":{"@type":"PropertyValueSpecification","valueRequired":true,"valueName":"search_term_string"}}],"inLanguage":"es"},{"@type":"Organization","@id":"https:\/\/jbpritzker.com\/es\/#organization","name":"JB for Governor","url":"https:\/\/jbpritzker.com\/es\/","logo":{"@type":"ImageObject","inLanguage":"es","@id":"https:\/\/jbpritzker.com\/es\/#\/schema\/logo\/image\/","url":"https:\/\/jbpritzker.com\/wp-content\/uploads\/2025\/06\/jbpg-google-site-logo.png","contentUrl":"https:\/\/jbpritzker.com\/wp-content\/uploads\/2025\/06\/jbpg-google-site-logo.png","width":512,"height":512,"caption":"JB for Governor"},"image":{"@id":"https:\/\/jbpritzker.com\/es\/#\/schema\/logo\/image\/"},"sameAs":["https:\/\/www.facebook.com\/jbpritzker","https:\/\/x.com\/jbpritzker","https:\/\/www.instagram.com\/jbpritzker","https:\/\/www.youtube.com\/@jbpritzker","https:\/\/www.threads.net\/@jbpritzker","https:\/\/bsky.app\/profile\/jbpritzker.bsky.social","https:\/\/www.tiktok.com\/@teamjb_hq"]},{"@type":"Person","@id":"https:\/\/jbpritzker.com\/es\/#\/schema\/person\/c52c7eb6ef19554cede2edf920157580","name":"Mikayla Denault","image":{"@type":"ImageObject","inLanguage":"es","@id":"https:\/\/jbpritzker.com\/es\/#\/schema\/person\/image\/","url":"https:\/\/secure.gravatar.com\/avatar\/35804924c3dd15232b0a0344168ee68dbac4d5cac1ded1854d5dbca14e2b050b?s=96&d=mm&r=g","contentUrl":"https:\/\/secure.gravatar.com\/avatar\/35804924c3dd15232b0a0344168ee68dbac4d5cac1ded1854d5dbca14e2b050b?s=96&d=mm&r=g","caption":"Mikayla Denault"}}]}},"_links":{"self":[{"href":"https:\/\/jbpritzker.com\/es\/wp-json\/wp\/v2\/posts\/2386","targetHints":{"allow":["GET"]}}],"collection":[{"href":"https:\/\/jbpritzker.com\/es\/wp-json\/wp\/v2\/posts"}],"about":[{"href":"https:\/\/jbpritzker.com\/es\/wp-json\/wp\/v2\/types\/post"}],"author":[{"embeddable":true,"href":"https:\/\/jbpritzker.com\/es\/wp-json\/wp\/v2\/users\/7"}],"replies":[{"embeddable":true,"href":"https:\/\/jbpritzker.com\/es\/wp-json\/wp\/v2\/comments?post=2386"}],"version-history":[{"count":0,"href":"https:\/\/jbpritzker.com\/es\/wp-json\/wp\/v2\/posts\/2386\/revisions"}],"wp:featuredmedia":[{"embeddable":true,"href":"https:\/\/jbpritzker.com\/es\/wp-json\/wp\/v2\/media\/2294"}],"wp:attachment":[{"href":"https:\/\/jbpritzker.com\/es\/wp-json\/wp\/v2\/media?parent=2386"}],"wp:term":[{"taxonomy":"category","embeddable":true,"href":"https:\/\/jbpritzker.com\/es\/wp-json\/wp\/v2\/categories?post=2386"},{"taxonomy":"post_tag","embeddable":true,"href":"https:\/\/jbpritzker.com\/es\/wp-json\/wp\/v2\/tags?post=2386"}],"curies":[{"name":"wp","href":"https:\/\/api.w.org\/{rel}","templated":true}]}}