{"id":2380,"date":"2026-03-10T11:51:34","date_gmt":"2026-03-10T16:51:34","guid":{"rendered":"https:\/\/jbpritzker.com\/latest\/icymi-el-gobernador-pritzker-visita-selma-alabama-para-conmemorar-el-domingo-sangriento-las-marchas-de-selma-a-montgomery-y-la-ley-de-derecho-al-voto-de-1965\/"},"modified":"2026-03-23T12:23:59","modified_gmt":"2026-03-23T17:23:59","slug":"icymi-el-gobernador-pritzker-visita-selma-alabama-para-conmemorar-el-domingo-sangriento-las-marchas-de-selma-a-montgomery-y-la-ley-de-derecho-al-voto-de-1965","status":"publish","type":"post","link":"https:\/\/jbpritzker.com\/es\/latest\/icymi-el-gobernador-pritzker-visita-selma-alabama-para-conmemorar-el-domingo-sangriento-las-marchas-de-selma-a-montgomery-y-la-ley-de-derecho-al-voto-de-1965\/","title":{"rendered":"ICYMI: El Gobernador Pritzker Visita Selma, Alabama, Para Conmemorar el Domingo Sangriento, Las Marchas de Selma a Montgomery y la Ley de Derecho al Voto de 1965."},"content":{"rendered":"\n<p class=\"has-text-align-center\"><strong><em>El Gobernador Pritzker Ofreci\u00f3 Unas Palabras en el Puente Edmund Pettus Para Conmemorar al Reverendo Jackson y al Movimiento por los Derechos Civiles<\/em><\/strong><\/p>\n\n<p><strong data-start=\"345\" data-end=\"362\">CHICAGO, IL \u2014<\/strong> El domingo 8 de marzo, el gobernador JB Pritzker visit\u00f3 Selma, Alabama, para unirse a l\u00edderes de todo el pa\u00eds en la conmemoraci\u00f3n de los h\u00e9roes del Movimiento por los Derechos Civiles. Ofreci\u00f3 un discurso en el puente Edmund Pettus durante el Jubileo anual del Cruce del Puente de Selma.<br\/><br\/>\u201cAs\u00ed que avancemos hoy con el conocimiento de que somos los herederos de la fe que llev\u00f3 a los manifestantes al puente hace 61 a\u00f1os\u201d, <strong>dijo el gobernador Pritzker<\/strong>. \u201cAhora nos corresponde a nosotros inclinar el arco del universo moral hacia la justicia. Nos corresponde a nosotros mantener viva la esperanza.\u201d<\/p>\n\n<p class=\"has-text-align-center\"><p data-start=\"965\" data-end=\"1014\"><strong data-start=\"965\" data-end=\"1012\">Jubileo anual del Cruce del Puente de Selma<\/strong><\/p><br\/><p data-start=\"1016\" data-end=\"1064\"><\/p><\/p>\n\n<p><p data-start=\"1016\" data-end=\"1064\">Vea el discurso del gobernador Pritzker <a href=\"https:\/\/www.youtube.com\/live\/bpfxG21PHC4?si=KNm9TWW-AhllVgw7&amp;t=2560\">AQU\u00cd<\/a>.<\/p><\/p>\n\n<figure class=\"wp-block-gallery has-nested-images columns-default is-cropped wp-block-gallery-1 is-layout-flex wp-block-gallery-is-layout-flex\">\n<figure class=\"wp-block-image size-large\"><img loading=\"lazy\" decoding=\"async\" width=\"1024\" height=\"683\" data-id=\"2365\" src=\"https:\/\/jbpritzker.com\/wp-content\/uploads\/2026\/03\/KRA9384-1024x683.jpg\" alt=\"\" class=\"wp-image-2365\" srcset=\"https:\/\/jbpritzker.com\/wp-content\/uploads\/2026\/03\/KRA9384-1024x683.jpg 1024w, https:\/\/jbpritzker.com\/wp-content\/uploads\/2026\/03\/KRA9384-300x200.jpg 300w, https:\/\/jbpritzker.com\/wp-content\/uploads\/2026\/03\/KRA9384-768x512.jpg 768w, https:\/\/jbpritzker.com\/wp-content\/uploads\/2026\/03\/KRA9384-1536x1024.jpg 1536w, https:\/\/jbpritzker.com\/wp-content\/uploads\/2026\/03\/KRA9384-2048x1365.jpg 2048w\" sizes=\"auto, (max-width: 1024px) 100vw, 1024px\" \/><\/figure>\n\n\n\n<figure class=\"wp-block-image size-large\"><img loading=\"lazy\" decoding=\"async\" width=\"1024\" height=\"683\" data-id=\"2367\" src=\"https:\/\/jbpritzker.com\/wp-content\/uploads\/2026\/03\/KRB0481-1024x683.jpg\" alt=\"\" class=\"wp-image-2367\" srcset=\"https:\/\/jbpritzker.com\/wp-content\/uploads\/2026\/03\/KRB0481-1024x683.jpg 1024w, https:\/\/jbpritzker.com\/wp-content\/uploads\/2026\/03\/KRB0481-300x200.jpg 300w, https:\/\/jbpritzker.com\/wp-content\/uploads\/2026\/03\/KRB0481-768x512.jpg 768w, https:\/\/jbpritzker.com\/wp-content\/uploads\/2026\/03\/KRB0481-1536x1024.jpg 1536w, https:\/\/jbpritzker.com\/wp-content\/uploads\/2026\/03\/KRB0481-2048x1365.jpg 2048w\" sizes=\"auto, (max-width: 1024px) 100vw, 1024px\" \/><\/figure>\n\n\n\n<figure class=\"wp-block-image size-large\"><img loading=\"lazy\" decoding=\"async\" width=\"1024\" height=\"683\" data-id=\"2366\" src=\"https:\/\/jbpritzker.com\/wp-content\/uploads\/2026\/03\/KRB0733-1024x683.jpg\" alt=\"\" class=\"wp-image-2366\" srcset=\"https:\/\/jbpritzker.com\/wp-content\/uploads\/2026\/03\/KRB0733-1024x683.jpg 1024w, https:\/\/jbpritzker.com\/wp-content\/uploads\/2026\/03\/KRB0733-300x200.jpg 300w, https:\/\/jbpritzker.com\/wp-content\/uploads\/2026\/03\/KRB0733-768x512.jpg 768w, https:\/\/jbpritzker.com\/wp-content\/uploads\/2026\/03\/KRB0733-1536x1024.jpg 1536w, https:\/\/jbpritzker.com\/wp-content\/uploads\/2026\/03\/KRB0733-2048x1365.jpg 2048w\" sizes=\"auto, (max-width: 1024px) 100vw, 1024px\" \/><\/figure>\n\n\n\n<figure class=\"wp-block-image size-large\"><img loading=\"lazy\" decoding=\"async\" width=\"1024\" height=\"683\" data-id=\"2368\" src=\"https:\/\/jbpritzker.com\/wp-content\/uploads\/2026\/03\/KRB1236-1024x683.jpg\" alt=\"\" class=\"wp-image-2368\" srcset=\"https:\/\/jbpritzker.com\/wp-content\/uploads\/2026\/03\/KRB1236-1024x683.jpg 1024w, https:\/\/jbpritzker.com\/wp-content\/uploads\/2026\/03\/KRB1236-300x200.jpg 300w, https:\/\/jbpritzker.com\/wp-content\/uploads\/2026\/03\/KRB1236-768x512.jpg 768w, https:\/\/jbpritzker.com\/wp-content\/uploads\/2026\/03\/KRB1236-1536x1024.jpg 1536w, https:\/\/jbpritzker.com\/wp-content\/uploads\/2026\/03\/KRB1236-2048x1365.jpg 2048w\" sizes=\"auto, (max-width: 1024px) 100vw, 1024px\" \/><\/figure>\n<\/figure>\n\n<p><p data-section-id=\"1d4meft\" data-start=\"1071\" data-end=\"1095\"><span role=\"text\"><strong data-start=\"1075\" data-end=\"1093\">Transcripci\u00f3n:<\/strong><\/span><\/p><br\/><p data-start=\"1097\" data-end=\"1393\">Es verdaderamente un privilegio acompa\u00f1arlos para conmemorar a los h\u00e9roes del Movimiento por los Derechos Civiles. Entre ellos estaba el hijo adoptivo de Chicago, de mi estado de Illinois, el gran reverendo Jesse Jackson. Un verdadero defensor de los derechos civiles y de los derechos humanos.<\/p><br\/><p data-start=\"1395\" data-end=\"2358\">Jesse Jackson lleg\u00f3 a Selma atra\u00eddo por el Dr. King tras el Domingo Sangriento. Y ofreci\u00f3 sermones inspiradores, argumentando que la democracia estadounidense realmente naci\u00f3 aqu\u00ed en Selma en 1965. Y les record\u00f3 a los j\u00f3venes, a los oprimidos, a los ancianos y a quienes hab\u00edan perdido la esperanza: \u201cYo soy alguien.\u201d Y nos dijo que \u201cmantuvi\u00e9ramos viva la esperanza.\u201d El a\u00f1o pasado, hizo lo que ser\u00eda su \u00faltima peregrinaci\u00f3n a Selma. Estaba rodeado de funcionarios electos, l\u00edderes religiosos y activistas, muchos de los cuales \u00e9l hab\u00eda inspirado. Estaba rodeado de su legado. Cuando Jesse Jackson falleci\u00f3 el mes pasado, nuestro estado, nuestra naci\u00f3n y nuestro mundo perdieron a un gigante. Tambi\u00e9n perdimos a otro \u00edcono de la m\u00e1s extraordinaria generaci\u00f3n de activistas por los derechos civiles. Nosotros, todos los aqu\u00ed presentes, somos sus herederos. Estamos aqu\u00ed hoy no solo para recordarlos y honrarlos, sino para comprometernos nuevamente con su misi\u00f3n.<\/p><br\/><p data-start=\"2360\" data-end=\"3068\">Las personas comunes que marcharon por los derechos civiles y el derecho al voto en Alabama en 1965 lo hicieron sabiendo que enfrentar\u00edan violencia, que enfrentar\u00edan tortura y que su gobierno no los proteger\u00eda. Pero aun as\u00ed vinieron. Los manifestantes pusieron sus vidas en riesgo para despertar la conciencia moral de Estados Unidos. Sus agresores fracturaron el cr\u00e1neo del gran John Lewis. Los manifestantes fueron golpeados, heridos y ensangrentados, pero aun as\u00ed marcharon, porque ten\u00edan fe en que, despu\u00e9s del Domingo Sangriento, la verdad comenzar\u00eda a salir a la luz. Nuestra naci\u00f3n, fundada sobre la promesa de que todos los hombres son creados iguales, no hab\u00eda estado a la altura de ese principio.<\/p><br\/><p data-start=\"3070\" data-end=\"3635\">Hoy, el racismo y las leyes tipo Jim Crow est\u00e1n resurgiendo una vez m\u00e1s en Estados Unidos. La Corte Suprema de Trump est\u00e1 desmantelando la Ley de Derecho al Voto. Los republicanos quieren desplegar tropas militares y agentes de ICE camuflados en los centros de votaci\u00f3n durante las elecciones de medio t\u00e9rmino. Trump est\u00e1 desmantelando sistem\u00e1ticamente la equidad y la inclusi\u00f3n en el empleo y la educaci\u00f3n, quitando la asistencia alimentaria y la atenci\u00f3n m\u00e9dica, y est\u00e1 intentando borrar la esclavitud de los libros de historia estadounidense de nuestros ni\u00f1os.<\/p><br\/><p data-start=\"3637\" data-end=\"3746\">Al estar de pie sobre este puente, es imposible no escuchar las voces de los h\u00e9roes del Domingo Sangriento.<\/p><br\/><p data-start=\"3748\" data-end=\"3918\">Trump est\u00e1 convirtiendo a ICE en su polic\u00eda secreta personal, violando la santidad de iglesias, escuelas y hospitales, afirmando que va tras \u201clos peores de los peores.\u201d<\/p><br\/><p data-start=\"3920\" data-end=\"4491\" data-is-last-node=\"\" data-is-only-node=\"\">No es as\u00ed. Simplemente est\u00e1 reprimiendo la libertad y los derechos del pueblo estadounidense, despoj\u00e1ndolos de su derecho al voto y manteniendo a oligarcas corruptos en el poder. Podemos detenerlos. As\u00ed que avancemos hoy con el conocimiento de que somos los herederos de la fe que llev\u00f3 a los manifestantes al puente hace 61 a\u00f1os. Ahora nos corresponde a nosotros inclinar el arco del universo moral hacia la justicia. Nos corresponde a nosotros mantener viva la esperanza. Que Dios los bendiga, que Dios proteja a nuestras tropas que Trump ha puesto en peligro. Gracias.<\/p><\/p>\n\n<p class=\"has-text-align-center\">###\u00a0<\/p>\n\n<p><strong>CONTACTO:<\/strong>\u00a0<a href=\"mailto:press@jbpritzkercampaign.com\" target=\"_blank\" rel=\"noreferrer noopener\">press@jbpritzkercampaign.com<\/a><\/p>\n\n<p><\/p>\n","protected":false},"excerpt":{"rendered":"<p>El Gobernador Pritzker Ofreci\u00f3 Unas Palabras en el Puente Edmund Pettus Para Conmemorar al Reverendo Jackson y al Movimiento por los Derechos Civiles<\/p>\n","protected":false},"author":13,"featured_media":0,"comment_status":"closed","ping_status":"closed","sticky":false,"template":"","format":"standard","meta":{"_acf_changed":false,"footnotes":""},"categories":[15],"tags":[],"class_list":["post-2380","post","type-post","status-publish","format-standard","hentry","category-sin-categoria"],"acf":[],"yoast_head":"<!-- This site is optimized with the Yoast SEO plugin v26.5 - https:\/\/yoast.com\/wordpress\/plugins\/seo\/ -->\n<title>ICYMI: El Gobernador Pritzker Visita Selma, Alabama, Para Conmemorar el Domingo Sangriento, Las Marchas de Selma a Montgomery y la Ley de Derecho al Voto de 1965. - JB for Governor<\/title>\n<meta name=\"robots\" content=\"noindex, follow\" \/>\n<meta property=\"og:locale\" content=\"es_ES\" \/>\n<meta property=\"og:type\" content=\"article\" \/>\n<meta property=\"og:title\" content=\"ICYMI: El Gobernador Pritzker Visita Selma, Alabama, Para Conmemorar el Domingo Sangriento, Las Marchas de Selma a Montgomery y la Ley de Derecho al Voto de 1965. - JB for Governor\" \/>\n<meta property=\"og:description\" content=\"El Gobernador Pritzker Ofreci\u00f3 Unas Palabras en el Puente Edmund Pettus Para Conmemorar al Reverendo Jackson y al Movimiento por los Derechos Civiles\" \/>\n<meta property=\"og:url\" content=\"https:\/\/jbpritzker.com\/es\/latest\/icymi-el-gobernador-pritzker-visita-selma-alabama-para-conmemorar-el-domingo-sangriento-las-marchas-de-selma-a-montgomery-y-la-ley-de-derecho-al-voto-de-1965\/\" \/>\n<meta property=\"og:site_name\" content=\"JB for Governor\" \/>\n<meta property=\"article:publisher\" content=\"https:\/\/www.facebook.com\/jbpritzker\" \/>\n<meta property=\"article:published_time\" content=\"2026-03-10T16:51:34+00:00\" \/>\n<meta property=\"article:modified_time\" content=\"2026-03-23T17:23:59+00:00\" \/>\n<meta property=\"og:image\" content=\"https:\/\/jbpritzker.com\/wp-content\/uploads\/2026\/03\/KRB1236-1024x683.jpg\" \/>\n\t<meta property=\"og:image:width\" content=\"1024\" \/>\n\t<meta property=\"og:image:height\" content=\"683\" \/>\n\t<meta property=\"og:image:type\" content=\"image\/jpeg\" \/>\n<meta name=\"author\" content=\"natalia@jbpritzkercampaign.com\" \/>\n<meta name=\"twitter:card\" content=\"summary_large_image\" \/>\n<meta name=\"twitter:creator\" content=\"@jbpritzker\" \/>\n<meta name=\"twitter:site\" content=\"@jbpritzker\" \/>\n<script type=\"application\/ld+json\" class=\"yoast-schema-graph\">{\"@context\":\"https:\/\/schema.org\",\"@graph\":[{\"@type\":\"Article\",\"@id\":\"https:\/\/jbpritzker.com\/es\/latest\/icymi-el-gobernador-pritzker-visita-selma-alabama-para-conmemorar-el-domingo-sangriento-las-marchas-de-selma-a-montgomery-y-la-ley-de-derecho-al-voto-de-1965\/#article\",\"isPartOf\":{\"@id\":\"https:\/\/jbpritzker.com\/es\/latest\/icymi-el-gobernador-pritzker-visita-selma-alabama-para-conmemorar-el-domingo-sangriento-las-marchas-de-selma-a-montgomery-y-la-ley-de-derecho-al-voto-de-1965\/\"},\"author\":{\"name\":\"natalia@jbpritzkercampaign.com\",\"@id\":\"https:\/\/jbpritzker.com\/es\/#\/schema\/person\/064e0e2ac793919b206e78138580150e\"},\"headline\":\"ICYMI: El Gobernador Pritzker Visita Selma, Alabama, Para Conmemorar el Domingo Sangriento, Las Marchas de Selma a Montgomery y la Ley de Derecho al Voto de 1965.\",\"datePublished\":\"2026-03-10T16:51:34+00:00\",\"dateModified\":\"2026-03-23T17:23:59+00:00\",\"mainEntityOfPage\":{\"@id\":\"https:\/\/jbpritzker.com\/es\/latest\/icymi-el-gobernador-pritzker-visita-selma-alabama-para-conmemorar-el-domingo-sangriento-las-marchas-de-selma-a-montgomery-y-la-ley-de-derecho-al-voto-de-1965\/\"},\"wordCount\":752,\"publisher\":{\"@id\":\"https:\/\/jbpritzker.com\/es\/#organization\"},\"image\":{\"@id\":\"https:\/\/jbpritzker.com\/es\/latest\/icymi-el-gobernador-pritzker-visita-selma-alabama-para-conmemorar-el-domingo-sangriento-las-marchas-de-selma-a-montgomery-y-la-ley-de-derecho-al-voto-de-1965\/#primaryimage\"},\"thumbnailUrl\":\"https:\/\/jbpritzker.com\/wp-content\/uploads\/2026\/03\/KRA9384-1024x683.jpg\",\"inLanguage\":\"es\"},{\"@type\":\"WebPage\",\"@id\":\"https:\/\/jbpritzker.com\/es\/latest\/icymi-el-gobernador-pritzker-visita-selma-alabama-para-conmemorar-el-domingo-sangriento-las-marchas-de-selma-a-montgomery-y-la-ley-de-derecho-al-voto-de-1965\/\",\"url\":\"https:\/\/jbpritzker.com\/es\/latest\/icymi-el-gobernador-pritzker-visita-selma-alabama-para-conmemorar-el-domingo-sangriento-las-marchas-de-selma-a-montgomery-y-la-ley-de-derecho-al-voto-de-1965\/\",\"name\":\"ICYMI: El Gobernador Pritzker Visita Selma, Alabama, Para Conmemorar el Domingo Sangriento, Las Marchas de Selma a Montgomery y la Ley de Derecho al Voto de 1965. - JB for Governor\",\"isPartOf\":{\"@id\":\"https:\/\/jbpritzker.com\/es\/#website\"},\"primaryImageOfPage\":{\"@id\":\"https:\/\/jbpritzker.com\/es\/latest\/icymi-el-gobernador-pritzker-visita-selma-alabama-para-conmemorar-el-domingo-sangriento-las-marchas-de-selma-a-montgomery-y-la-ley-de-derecho-al-voto-de-1965\/#primaryimage\"},\"image\":{\"@id\":\"https:\/\/jbpritzker.com\/es\/latest\/icymi-el-gobernador-pritzker-visita-selma-alabama-para-conmemorar-el-domingo-sangriento-las-marchas-de-selma-a-montgomery-y-la-ley-de-derecho-al-voto-de-1965\/#primaryimage\"},\"thumbnailUrl\":\"https:\/\/jbpritzker.com\/wp-content\/uploads\/2026\/03\/KRA9384-1024x683.jpg\",\"datePublished\":\"2026-03-10T16:51:34+00:00\",\"dateModified\":\"2026-03-23T17:23:59+00:00\",\"breadcrumb\":{\"@id\":\"https:\/\/jbpritzker.com\/es\/latest\/icymi-el-gobernador-pritzker-visita-selma-alabama-para-conmemorar-el-domingo-sangriento-las-marchas-de-selma-a-montgomery-y-la-ley-de-derecho-al-voto-de-1965\/#breadcrumb\"},\"inLanguage\":\"es\",\"potentialAction\":[{\"@type\":\"ReadAction\",\"target\":[\"https:\/\/jbpritzker.com\/es\/latest\/icymi-el-gobernador-pritzker-visita-selma-alabama-para-conmemorar-el-domingo-sangriento-las-marchas-de-selma-a-montgomery-y-la-ley-de-derecho-al-voto-de-1965\/\"]}]},{\"@type\":\"ImageObject\",\"inLanguage\":\"es\",\"@id\":\"https:\/\/jbpritzker.com\/es\/latest\/icymi-el-gobernador-pritzker-visita-selma-alabama-para-conmemorar-el-domingo-sangriento-las-marchas-de-selma-a-montgomery-y-la-ley-de-derecho-al-voto-de-1965\/#primaryimage\",\"url\":\"https:\/\/jbpritzker.com\/wp-content\/uploads\/2026\/03\/KRA9384-1024x683.jpg\",\"contentUrl\":\"https:\/\/jbpritzker.com\/wp-content\/uploads\/2026\/03\/KRA9384-1024x683.jpg\"},{\"@type\":\"BreadcrumbList\",\"@id\":\"https:\/\/jbpritzker.com\/es\/latest\/icymi-el-gobernador-pritzker-visita-selma-alabama-para-conmemorar-el-domingo-sangriento-las-marchas-de-selma-a-montgomery-y-la-ley-de-derecho-al-voto-de-1965\/#breadcrumb\",\"itemListElement\":[{\"@type\":\"ListItem\",\"position\":1,\"name\":\"Home\",\"item\":\"https:\/\/jbpritzker.com\/es\/\"},{\"@type\":\"ListItem\",\"position\":2,\"name\":\"ICYMI: El Gobernador Pritzker Visita Selma, Alabama, Para Conmemorar el Domingo Sangriento, Las Marchas de Selma a Montgomery y la Ley de Derecho al Voto de 1965.\"}]},{\"@type\":\"WebSite\",\"@id\":\"https:\/\/jbpritzker.com\/es\/#website\",\"url\":\"https:\/\/jbpritzker.com\/es\/\",\"name\":\"JB for Governor\",\"description\":\"Official Campaign Website of Illinois Governor JB Pritzker\",\"publisher\":{\"@id\":\"https:\/\/jbpritzker.com\/es\/#organization\"},\"alternateName\":\"JB Pritzker for Governor\",\"potentialAction\":[{\"@type\":\"SearchAction\",\"target\":{\"@type\":\"EntryPoint\",\"urlTemplate\":\"https:\/\/jbpritzker.com\/es\/?s={search_term_string}\"},\"query-input\":{\"@type\":\"PropertyValueSpecification\",\"valueRequired\":true,\"valueName\":\"search_term_string\"}}],\"inLanguage\":\"es\"},{\"@type\":\"Organization\",\"@id\":\"https:\/\/jbpritzker.com\/es\/#organization\",\"name\":\"JB for Governor\",\"url\":\"https:\/\/jbpritzker.com\/es\/\",\"logo\":{\"@type\":\"ImageObject\",\"inLanguage\":\"es\",\"@id\":\"https:\/\/jbpritzker.com\/es\/#\/schema\/logo\/image\/\",\"url\":\"https:\/\/jbpritzker.com\/wp-content\/uploads\/2025\/06\/jbpg-google-site-logo.png\",\"contentUrl\":\"https:\/\/jbpritzker.com\/wp-content\/uploads\/2025\/06\/jbpg-google-site-logo.png\",\"width\":512,\"height\":512,\"caption\":\"JB for Governor\"},\"image\":{\"@id\":\"https:\/\/jbpritzker.com\/es\/#\/schema\/logo\/image\/\"},\"sameAs\":[\"https:\/\/www.facebook.com\/jbpritzker\",\"https:\/\/x.com\/jbpritzker\",\"https:\/\/www.instagram.com\/jbpritzker\",\"https:\/\/www.youtube.com\/@jbpritzker\",\"https:\/\/www.threads.net\/@jbpritzker\",\"https:\/\/bsky.app\/profile\/jbpritzker.bsky.social\",\"https:\/\/www.tiktok.com\/@teamjb_hq\"]},{\"@type\":\"Person\",\"@id\":\"https:\/\/jbpritzker.com\/es\/#\/schema\/person\/064e0e2ac793919b206e78138580150e\",\"name\":\"natalia@jbpritzkercampaign.com\",\"image\":{\"@type\":\"ImageObject\",\"inLanguage\":\"es\",\"@id\":\"https:\/\/jbpritzker.com\/es\/#\/schema\/person\/image\/\",\"url\":\"https:\/\/secure.gravatar.com\/avatar\/758179a914a548fff144b21adc58d14340f0da718bc8f6d6011668bd9694148f?s=96&d=mm&r=g\",\"contentUrl\":\"https:\/\/secure.gravatar.com\/avatar\/758179a914a548fff144b21adc58d14340f0da718bc8f6d6011668bd9694148f?s=96&d=mm&r=g\",\"caption\":\"natalia@jbpritzkercampaign.com\"}}]}<\/script>\n<!-- \/ Yoast SEO plugin. -->","yoast_head_json":{"title":"ICYMI: El Gobernador Pritzker Visita Selma, Alabama, Para Conmemorar el Domingo Sangriento, Las Marchas de Selma a Montgomery y la Ley de Derecho al Voto de 1965. - JB for Governor","robots":{"index":"noindex","follow":"follow"},"og_locale":"es_ES","og_type":"article","og_title":"ICYMI: El Gobernador Pritzker Visita Selma, Alabama, Para Conmemorar el Domingo Sangriento, Las Marchas de Selma a Montgomery y la Ley de Derecho al Voto de 1965. - JB for Governor","og_description":"El Gobernador Pritzker Ofreci\u00f3 Unas Palabras en el Puente Edmund Pettus Para Conmemorar al Reverendo Jackson y al Movimiento por los Derechos Civiles","og_url":"https:\/\/jbpritzker.com\/es\/latest\/icymi-el-gobernador-pritzker-visita-selma-alabama-para-conmemorar-el-domingo-sangriento-las-marchas-de-selma-a-montgomery-y-la-ley-de-derecho-al-voto-de-1965\/","og_site_name":"JB for Governor","article_publisher":"https:\/\/www.facebook.com\/jbpritzker","article_published_time":"2026-03-10T16:51:34+00:00","article_modified_time":"2026-03-23T17:23:59+00:00","og_image":[{"width":1024,"height":683,"url":"https:\/\/jbpritzker.com\/wp-content\/uploads\/2026\/03\/KRB1236-1024x683.jpg","type":"image\/jpeg"}],"author":"natalia@jbpritzkercampaign.com","twitter_card":"summary_large_image","twitter_creator":"@jbpritzker","twitter_site":"@jbpritzker","schema":{"@context":"https:\/\/schema.org","@graph":[{"@type":"Article","@id":"https:\/\/jbpritzker.com\/es\/latest\/icymi-el-gobernador-pritzker-visita-selma-alabama-para-conmemorar-el-domingo-sangriento-las-marchas-de-selma-a-montgomery-y-la-ley-de-derecho-al-voto-de-1965\/#article","isPartOf":{"@id":"https:\/\/jbpritzker.com\/es\/latest\/icymi-el-gobernador-pritzker-visita-selma-alabama-para-conmemorar-el-domingo-sangriento-las-marchas-de-selma-a-montgomery-y-la-ley-de-derecho-al-voto-de-1965\/"},"author":{"name":"natalia@jbpritzkercampaign.com","@id":"https:\/\/jbpritzker.com\/es\/#\/schema\/person\/064e0e2ac793919b206e78138580150e"},"headline":"ICYMI: El Gobernador Pritzker Visita Selma, Alabama, Para Conmemorar el Domingo Sangriento, Las Marchas de Selma a Montgomery y la Ley de Derecho al Voto de 1965.","datePublished":"2026-03-10T16:51:34+00:00","dateModified":"2026-03-23T17:23:59+00:00","mainEntityOfPage":{"@id":"https:\/\/jbpritzker.com\/es\/latest\/icymi-el-gobernador-pritzker-visita-selma-alabama-para-conmemorar-el-domingo-sangriento-las-marchas-de-selma-a-montgomery-y-la-ley-de-derecho-al-voto-de-1965\/"},"wordCount":752,"publisher":{"@id":"https:\/\/jbpritzker.com\/es\/#organization"},"image":{"@id":"https:\/\/jbpritzker.com\/es\/latest\/icymi-el-gobernador-pritzker-visita-selma-alabama-para-conmemorar-el-domingo-sangriento-las-marchas-de-selma-a-montgomery-y-la-ley-de-derecho-al-voto-de-1965\/#primaryimage"},"thumbnailUrl":"https:\/\/jbpritzker.com\/wp-content\/uploads\/2026\/03\/KRA9384-1024x683.jpg","inLanguage":"es"},{"@type":"WebPage","@id":"https:\/\/jbpritzker.com\/es\/latest\/icymi-el-gobernador-pritzker-visita-selma-alabama-para-conmemorar-el-domingo-sangriento-las-marchas-de-selma-a-montgomery-y-la-ley-de-derecho-al-voto-de-1965\/","url":"https:\/\/jbpritzker.com\/es\/latest\/icymi-el-gobernador-pritzker-visita-selma-alabama-para-conmemorar-el-domingo-sangriento-las-marchas-de-selma-a-montgomery-y-la-ley-de-derecho-al-voto-de-1965\/","name":"ICYMI: El Gobernador Pritzker Visita Selma, Alabama, Para Conmemorar el Domingo Sangriento, Las Marchas de Selma a Montgomery y la Ley de Derecho al Voto de 1965. - JB for Governor","isPartOf":{"@id":"https:\/\/jbpritzker.com\/es\/#website"},"primaryImageOfPage":{"@id":"https:\/\/jbpritzker.com\/es\/latest\/icymi-el-gobernador-pritzker-visita-selma-alabama-para-conmemorar-el-domingo-sangriento-las-marchas-de-selma-a-montgomery-y-la-ley-de-derecho-al-voto-de-1965\/#primaryimage"},"image":{"@id":"https:\/\/jbpritzker.com\/es\/latest\/icymi-el-gobernador-pritzker-visita-selma-alabama-para-conmemorar-el-domingo-sangriento-las-marchas-de-selma-a-montgomery-y-la-ley-de-derecho-al-voto-de-1965\/#primaryimage"},"thumbnailUrl":"https:\/\/jbpritzker.com\/wp-content\/uploads\/2026\/03\/KRA9384-1024x683.jpg","datePublished":"2026-03-10T16:51:34+00:00","dateModified":"2026-03-23T17:23:59+00:00","breadcrumb":{"@id":"https:\/\/jbpritzker.com\/es\/latest\/icymi-el-gobernador-pritzker-visita-selma-alabama-para-conmemorar-el-domingo-sangriento-las-marchas-de-selma-a-montgomery-y-la-ley-de-derecho-al-voto-de-1965\/#breadcrumb"},"inLanguage":"es","potentialAction":[{"@type":"ReadAction","target":["https:\/\/jbpritzker.com\/es\/latest\/icymi-el-gobernador-pritzker-visita-selma-alabama-para-conmemorar-el-domingo-sangriento-las-marchas-de-selma-a-montgomery-y-la-ley-de-derecho-al-voto-de-1965\/"]}]},{"@type":"ImageObject","inLanguage":"es","@id":"https:\/\/jbpritzker.com\/es\/latest\/icymi-el-gobernador-pritzker-visita-selma-alabama-para-conmemorar-el-domingo-sangriento-las-marchas-de-selma-a-montgomery-y-la-ley-de-derecho-al-voto-de-1965\/#primaryimage","url":"https:\/\/jbpritzker.com\/wp-content\/uploads\/2026\/03\/KRA9384-1024x683.jpg","contentUrl":"https:\/\/jbpritzker.com\/wp-content\/uploads\/2026\/03\/KRA9384-1024x683.jpg"},{"@type":"BreadcrumbList","@id":"https:\/\/jbpritzker.com\/es\/latest\/icymi-el-gobernador-pritzker-visita-selma-alabama-para-conmemorar-el-domingo-sangriento-las-marchas-de-selma-a-montgomery-y-la-ley-de-derecho-al-voto-de-1965\/#breadcrumb","itemListElement":[{"@type":"ListItem","position":1,"name":"Home","item":"https:\/\/jbpritzker.com\/es\/"},{"@type":"ListItem","position":2,"name":"ICYMI: El Gobernador Pritzker Visita Selma, Alabama, Para Conmemorar el Domingo Sangriento, Las Marchas de Selma a Montgomery y la Ley de Derecho al Voto de 1965."}]},{"@type":"WebSite","@id":"https:\/\/jbpritzker.com\/es\/#website","url":"https:\/\/jbpritzker.com\/es\/","name":"JB for Governor","description":"Official Campaign Website of Illinois Governor JB Pritzker","publisher":{"@id":"https:\/\/jbpritzker.com\/es\/#organization"},"alternateName":"JB Pritzker for Governor","potentialAction":[{"@type":"SearchAction","target":{"@type":"EntryPoint","urlTemplate":"https:\/\/jbpritzker.com\/es\/?s={search_term_string}"},"query-input":{"@type":"PropertyValueSpecification","valueRequired":true,"valueName":"search_term_string"}}],"inLanguage":"es"},{"@type":"Organization","@id":"https:\/\/jbpritzker.com\/es\/#organization","name":"JB for Governor","url":"https:\/\/jbpritzker.com\/es\/","logo":{"@type":"ImageObject","inLanguage":"es","@id":"https:\/\/jbpritzker.com\/es\/#\/schema\/logo\/image\/","url":"https:\/\/jbpritzker.com\/wp-content\/uploads\/2025\/06\/jbpg-google-site-logo.png","contentUrl":"https:\/\/jbpritzker.com\/wp-content\/uploads\/2025\/06\/jbpg-google-site-logo.png","width":512,"height":512,"caption":"JB for Governor"},"image":{"@id":"https:\/\/jbpritzker.com\/es\/#\/schema\/logo\/image\/"},"sameAs":["https:\/\/www.facebook.com\/jbpritzker","https:\/\/x.com\/jbpritzker","https:\/\/www.instagram.com\/jbpritzker","https:\/\/www.youtube.com\/@jbpritzker","https:\/\/www.threads.net\/@jbpritzker","https:\/\/bsky.app\/profile\/jbpritzker.bsky.social","https:\/\/www.tiktok.com\/@teamjb_hq"]},{"@type":"Person","@id":"https:\/\/jbpritzker.com\/es\/#\/schema\/person\/064e0e2ac793919b206e78138580150e","name":"natalia@jbpritzkercampaign.com","image":{"@type":"ImageObject","inLanguage":"es","@id":"https:\/\/jbpritzker.com\/es\/#\/schema\/person\/image\/","url":"https:\/\/secure.gravatar.com\/avatar\/758179a914a548fff144b21adc58d14340f0da718bc8f6d6011668bd9694148f?s=96&d=mm&r=g","contentUrl":"https:\/\/secure.gravatar.com\/avatar\/758179a914a548fff144b21adc58d14340f0da718bc8f6d6011668bd9694148f?s=96&d=mm&r=g","caption":"natalia@jbpritzkercampaign.com"}}]}},"_links":{"self":[{"href":"https:\/\/jbpritzker.com\/es\/wp-json\/wp\/v2\/posts\/2380","targetHints":{"allow":["GET"]}}],"collection":[{"href":"https:\/\/jbpritzker.com\/es\/wp-json\/wp\/v2\/posts"}],"about":[{"href":"https:\/\/jbpritzker.com\/es\/wp-json\/wp\/v2\/types\/post"}],"author":[{"embeddable":true,"href":"https:\/\/jbpritzker.com\/es\/wp-json\/wp\/v2\/users\/13"}],"replies":[{"embeddable":true,"href":"https:\/\/jbpritzker.com\/es\/wp-json\/wp\/v2\/comments?post=2380"}],"version-history":[{"count":0,"href":"https:\/\/jbpritzker.com\/es\/wp-json\/wp\/v2\/posts\/2380\/revisions"}],"wp:attachment":[{"href":"https:\/\/jbpritzker.com\/es\/wp-json\/wp\/v2\/media?parent=2380"}],"wp:term":[{"taxonomy":"category","embeddable":true,"href":"https:\/\/jbpritzker.com\/es\/wp-json\/wp\/v2\/categories?post=2380"},{"taxonomy":"post_tag","embeddable":true,"href":"https:\/\/jbpritzker.com\/es\/wp-json\/wp\/v2\/tags?post=2380"}],"curies":[{"name":"wp","href":"https:\/\/api.w.org\/{rel}","templated":true}]}}